{"id":9510,"date":"2021-01-10T14:53:11","date_gmt":"2021-01-10T13:53:11","guid":{"rendered":"http:\/\/portesouvertes.lycee-ozenne.fr\/?p=9510"},"modified":"2021-01-12T09:31:11","modified_gmt":"2021-01-12T08:31:11","slug":"langues-vivantes-complementaires","status":"publish","type":"post","link":"https:\/\/portesouvertes.lycee-ozenne.fr\/index.php\/2021\/01\/10\/langues-vivantes-complementaires\/","title":{"rendered":"Langues Vivantes Compl\u00e9mentaires"},"content":{"rendered":"\t\t<div data-elementor-type=\"wp-post\" data-elementor-id=\"9510\" class=\"elementor elementor-9510\">\n\t\t\t\t\t\t<section class=\"elementor-section elementor-top-section elementor-element elementor-element-5f2e977 elementor-section-boxed elementor-section-height-default elementor-section-height-default\" data-id=\"5f2e977\" data-element_type=\"section\">\n\t\t\t\t\t\t<div class=\"elementor-container elementor-column-gap-default\">\n\t\t\t\t\t<div class=\"elementor-column elementor-col-100 elementor-top-column elementor-element elementor-element-54de3a0\" data-id=\"54de3a0\" data-element_type=\"column\">\n\t\t\t<div class=\"elementor-widget-wrap elementor-element-populated\">\n\t\t\t\t\t\t<div class=\"elementor-element elementor-element-a474cb5 elementor-widget elementor-widget-toggle\" data-id=\"a474cb5\" data-element_type=\"widget\" data-widget_type=\"toggle.default\">\n\t\t\t\t<div class=\"elementor-widget-container\">\n\t\t\t\t\t\t\t<div class=\"elementor-toggle\">\n\t\t\t\t\t\t\t<div class=\"elementor-toggle-item\">\n\t\t\t\t\t<div id=\"elementor-tab-title-1721\" class=\"elementor-tab-title\" data-tab=\"1\" role=\"button\" aria-controls=\"elementor-tab-content-1721\" aria-expanded=\"false\">\n\t\t\t\t\t\t\t\t\t\t\t\t<span class=\"elementor-toggle-icon elementor-toggle-icon-left\" aria-hidden=\"true\">\n\t\t\t\t\t\t\t\t\t\t\t\t\t\t\t<span class=\"elementor-toggle-icon-closed\"><i class=\"fas fa-caret-right\"><\/i><\/span>\n\t\t\t\t\t\t\t\t<span class=\"elementor-toggle-icon-opened\"><i class=\"elementor-toggle-icon-opened fas fa-caret-up\"><\/i><\/span>\n\t\t\t\t\t\t\t\t\t\t\t\t\t<\/span>\n\t\t\t\t\t\t\t\t\t\t\t\t<a class=\"elementor-toggle-title\" tabindex=\"0\">Comment int\u00e9grer cet enseignement optionnel\u00a0? <\/a>\n\t\t\t\t\t<\/div>\n\n\t\t\t\t\t<div id=\"elementor-tab-content-1721\" class=\"elementor-tab-content elementor-clearfix\" data-tab=\"1\" role=\"region\" aria-labelledby=\"elementor-tab-title-1721\"><ul><li style=\"list-style-type: none;\"><ul><li><span style=\"font-size: small; color: #000000; font-family: Arial, serif;\"><span lang=\"fr-FR\">Chinois : Inscription par Affelnet (<\/span><\/span><span style=\"font-size: small; font-family: Calibri, serif; color: #0000ff;\"><u><a href=\"http:\/\/www.education.gouv.fr\/cid23858\/le-calendrier-de-l-orientation-en-troisieme.html#Affelnet:_l'application%20nationale%20d'aide%20%C3%A0%20l'affectation%20des%20%C3%A9l%C3%A8ves%20au%20lyc%C3%A9e\"><span style=\"font-family: Arial, serif;\"><span lang=\"fr-FR\">Affelnet\u00a0: l&rsquo;application pour g\u00e9rer l&rsquo;affectation des \u00e9l\u00e8ves au lyc\u00e9e<\/span><\/span><\/a><\/u><\/span><span style=\"font-size: small; color: #000000; font-family: Arial, serif;\"><span lang=\"fr-FR\">) m\u00eame pour les \u00e9l\u00e8ves du secteur. Les dates sont communiqu\u00e9es par votre coll\u00e8ge.<\/span><\/span><\/li><\/ul><\/li><\/ul><ul><li style=\"list-style-type: none;\"><ul><li><span style=\"font-family: Arial, serif; font-size: small; color: #000000;\">Italien : Sur demande, lors de l\u2019inscription effective au Lyc\u00e9e Ozenne, vous pouvez mentionner votre choix de LVC italien en enseignement optionnel.<\/span><\/li><\/ul><\/li><\/ul><ul><li style=\"list-style-type: none;\"><ul><li><span style=\"font-size: small; color: #000000; font-family: Arial, serif;\"><span lang=\"fr-FR\">Japonais : Inscription par Affelnet (<\/span><\/span><span style=\"font-size: small; font-family: Calibri, serif; color: #0000ff;\"><u><a href=\"http:\/\/www.education.gouv.fr\/cid23858\/le-calendrier-de-l-orientation-en-troisieme.html#Affelnet:_l'application%20nationale%20d'aide%20%C3%A0%20l'affectation%20des%20%C3%A9l%C3%A8ves%20au%20lyc%C3%A9e\"><span style=\"font-family: Arial, serif;\"><span lang=\"fr-FR\">Affelnet\u00a0: l&rsquo;application pour g\u00e9rer l&rsquo;affectation des \u00e9l\u00e8ves au lyc\u00e9e<\/span><\/span><\/a><\/u><\/span><span style=\"font-size: small; color: #000000; font-family: Arial, serif;\"><span lang=\"fr-FR\">) m\u00eame pour les \u00e9l\u00e8ves du secteur. Les dates sont communiqu\u00e9es par votre coll\u00e8ge.<\/span><\/span><\/li><\/ul><\/li><\/ul><\/div>\n\t\t\t\t<\/div>\n\t\t\t\t\t\t\t<div class=\"elementor-toggle-item\">\n\t\t\t\t\t<div id=\"elementor-tab-title-1722\" class=\"elementor-tab-title\" data-tab=\"2\" role=\"button\" aria-controls=\"elementor-tab-content-1722\" aria-expanded=\"false\">\n\t\t\t\t\t\t\t\t\t\t\t\t<span class=\"elementor-toggle-icon elementor-toggle-icon-left\" aria-hidden=\"true\">\n\t\t\t\t\t\t\t\t\t\t\t\t\t\t\t<span class=\"elementor-toggle-icon-closed\"><i class=\"fas fa-caret-right\"><\/i><\/span>\n\t\t\t\t\t\t\t\t<span class=\"elementor-toggle-icon-opened\"><i class=\"elementor-toggle-icon-opened fas fa-caret-up\"><\/i><\/span>\n\t\t\t\t\t\t\t\t\t\t\t\t\t<\/span>\n\t\t\t\t\t\t\t\t\t\t\t\t<a class=\"elementor-toggle-title\" tabindex=\"0\">Quelle moyenne faut-il avoir en 3\u00e8me pour \u00eatre recrut\u00e9 dans une option LVC\u00a0? <\/a>\n\t\t\t\t\t<\/div>\n\n\t\t\t\t\t<div id=\"elementor-tab-content-1722\" class=\"elementor-tab-content elementor-clearfix\" data-tab=\"2\" role=\"region\" aria-labelledby=\"elementor-tab-title-1722\"><p><span style=\"color: #000000;\"><span style=\"font-family: Calibri, serif;\"><span style=\"font-size: small;\"><span style=\"font-family: Arial, serif;\"><span lang=\"fr-FR\">Tout d\u00e9pend de la moyenne des \u00e9l\u00e8ves qui demandent cette LVC la m\u00eame ann\u00e9e que vous.<\/span><\/span><\/span><\/span><\/span><\/p><\/div>\n\t\t\t\t<\/div>\n\t\t\t\t\t\t\t<div class=\"elementor-toggle-item\">\n\t\t\t\t\t<div id=\"elementor-tab-title-1723\" class=\"elementor-tab-title\" data-tab=\"3\" role=\"button\" aria-controls=\"elementor-tab-content-1723\" aria-expanded=\"false\">\n\t\t\t\t\t\t\t\t\t\t\t\t<span class=\"elementor-toggle-icon elementor-toggle-icon-left\" aria-hidden=\"true\">\n\t\t\t\t\t\t\t\t\t\t\t\t\t\t\t<span class=\"elementor-toggle-icon-closed\"><i class=\"fas fa-caret-right\"><\/i><\/span>\n\t\t\t\t\t\t\t\t<span class=\"elementor-toggle-icon-opened\"><i class=\"elementor-toggle-icon-opened fas fa-caret-up\"><\/i><\/span>\n\t\t\t\t\t\t\t\t\t\t\t\t\t<\/span>\n\t\t\t\t\t\t\t\t\t\t\t\t<a class=\"elementor-toggle-title\" tabindex=\"0\">Peut-on cumuler les enseignements optionnels\u00a0? <\/a>\n\t\t\t\t\t<\/div>\n\n\t\t\t\t\t<div id=\"elementor-tab-content-1723\" class=\"elementor-tab-content elementor-clearfix\" data-tab=\"3\" role=\"region\" aria-labelledby=\"elementor-tab-title-1723\"><p><span style=\"color: #000000;\"><span style=\"font-family: Calibri, serif;\"><span style=\"font-size: small;\"><span style=\"font-family: Arial, serif;\"><span lang=\"fr-FR\">Oui. Mais il n\u2019est pas possible de cumuler la section europ\u00e9enne anglais et une LVC.<\/span><\/span><\/span><\/span><\/span><\/p><\/div>\n\t\t\t\t<\/div>\n\t\t\t\t\t\t\t<div class=\"elementor-toggle-item\">\n\t\t\t\t\t<div id=\"elementor-tab-title-1724\" class=\"elementor-tab-title\" data-tab=\"4\" role=\"button\" aria-controls=\"elementor-tab-content-1724\" aria-expanded=\"false\">\n\t\t\t\t\t\t\t\t\t\t\t\t<span class=\"elementor-toggle-icon elementor-toggle-icon-left\" aria-hidden=\"true\">\n\t\t\t\t\t\t\t\t\t\t\t\t\t\t\t<span class=\"elementor-toggle-icon-closed\"><i class=\"fas fa-caret-right\"><\/i><\/span>\n\t\t\t\t\t\t\t\t<span class=\"elementor-toggle-icon-opened\"><i class=\"elementor-toggle-icon-opened fas fa-caret-up\"><\/i><\/span>\n\t\t\t\t\t\t\t\t\t\t\t\t\t<\/span>\n\t\t\t\t\t\t\t\t\t\t\t\t<a class=\"elementor-toggle-title\" tabindex=\"0\">Y aura-t-il une \u00e9preuve de baccalaur\u00e9at en LVC\u00a0? <\/a>\n\t\t\t\t\t<\/div>\n\n\t\t\t\t\t<div id=\"elementor-tab-content-1724\" class=\"elementor-tab-content elementor-clearfix\" data-tab=\"4\" role=\"region\" aria-labelledby=\"elementor-tab-title-1724\"><p><span style=\"color: #000000;\"><span style=\"font-family: Calibri, serif;\"><span style=\"font-size: small;\"><span style=\"font-family: Arial, serif;\"><span lang=\"fr-FR\">Non. La note obtenue en LVC pendant l\u2019ann\u00e9e scolaire compte pour une partie de la note de contr\u00f4le continu du baccalaur\u00e9at. Ce contr\u00f4le continu prend en compte les r\u00e9sultats du bulletin \u00e0 hauteur de 10 %.<\/span><\/span><\/span><\/span><\/span><\/p><\/div>\n\t\t\t\t<\/div>\n\t\t\t\t\t\t\t<div class=\"elementor-toggle-item\">\n\t\t\t\t\t<div id=\"elementor-tab-title-1725\" class=\"elementor-tab-title\" data-tab=\"5\" role=\"button\" aria-controls=\"elementor-tab-content-1725\" aria-expanded=\"false\">\n\t\t\t\t\t\t\t\t\t\t\t\t<span class=\"elementor-toggle-icon elementor-toggle-icon-left\" aria-hidden=\"true\">\n\t\t\t\t\t\t\t\t\t\t\t\t\t\t\t<span class=\"elementor-toggle-icon-closed\"><i class=\"fas fa-caret-right\"><\/i><\/span>\n\t\t\t\t\t\t\t\t<span class=\"elementor-toggle-icon-opened\"><i class=\"elementor-toggle-icon-opened fas fa-caret-up\"><\/i><\/span>\n\t\t\t\t\t\t\t\t\t\t\t\t\t<\/span>\n\t\t\t\t\t\t\t\t\t\t\t\t<a class=\"elementor-toggle-title\" tabindex=\"0\">Est-il possible que nous participions \u00e0 des voyages au cours des ann\u00e9es de Lyc\u00e9e\u00a0? <\/a>\n\t\t\t\t\t<\/div>\n\n\t\t\t\t\t<div id=\"elementor-tab-content-1725\" class=\"elementor-tab-content elementor-clearfix\" data-tab=\"5\" role=\"region\" aria-labelledby=\"elementor-tab-title-1725\"><ul><li style=\"list-style-type: none;\"><ul><li><span style=\"font-family: Arial, serif; font-size: small; color: #000000;\">Chinois : Il est possible de participer au niveau de la terminale \u00e0 l\u2019\u00e9change existant depuis 2010 avec le Lyc\u00e9e WULING de TAIWAN.<\/span><\/li><\/ul><\/li><\/ul><ul><li style=\"list-style-type: none;\"><ul><li><span style=\"font-family: Arial, serif; font-size: small; color: #000000;\">Italien : Il est possible de participer \u00e0 un voyage ou \u00e0 un \u00e9change lors de la scolarit\u00e9 au lyc\u00e9e Ozenne.<\/span><\/li><li><span style=\"font-family: Arial, serif; font-size: small; color: #000000;\">Japonais : Il est possible de participer \u00e0 un voyage hors temps scolaire durant l\u2019\u00e9t\u00e9 (Tokyo, Kyoto, Nara)<\/span><\/li><\/ul><\/li><\/ul><\/div>\n\t\t\t\t<\/div>\n\t\t\t\t\t\t\t<div class=\"elementor-toggle-item\">\n\t\t\t\t\t<div id=\"elementor-tab-title-1726\" class=\"elementor-tab-title\" data-tab=\"6\" role=\"button\" aria-controls=\"elementor-tab-content-1726\" aria-expanded=\"false\">\n\t\t\t\t\t\t\t\t\t\t\t\t<span class=\"elementor-toggle-icon elementor-toggle-icon-left\" aria-hidden=\"true\">\n\t\t\t\t\t\t\t\t\t\t\t\t\t\t\t<span class=\"elementor-toggle-icon-closed\"><i class=\"fas fa-caret-right\"><\/i><\/span>\n\t\t\t\t\t\t\t\t<span class=\"elementor-toggle-icon-opened\"><i class=\"elementor-toggle-icon-opened fas fa-caret-up\"><\/i><\/span>\n\t\t\t\t\t\t\t\t\t\t\t\t\t<\/span>\n\t\t\t\t\t\t\t\t\t\t\t\t<a class=\"elementor-toggle-title\" tabindex=\"0\">Est-il possible de changer d\u2019avis et d\u2019abandonner l\u2019option en cours de scolarit\u00e9 au Lyc\u00e9e\u00a0? <\/a>\n\t\t\t\t\t<\/div>\n\n\t\t\t\t\t<div id=\"elementor-tab-content-1726\" class=\"elementor-tab-content elementor-clearfix\" data-tab=\"6\" role=\"region\" aria-labelledby=\"elementor-tab-title-1726\"><p><span style=\"color: #000000;\"><span style=\"font-family: Calibri, serif;\"><span style=\"font-size: small;\"><span style=\"font-family: Arial, serif;\"><span lang=\"fr-FR\">Non. Il s\u2019agit d\u2019un engagement personnel sur les 3 ann\u00e9es de scolarit\u00e9 au Lyc\u00e9e. <\/span><\/span><\/span><\/span><\/span><\/p><\/div>\n\t\t\t\t<\/div>\n\t\t\t\t\t\t\t<div class=\"elementor-toggle-item\">\n\t\t\t\t\t<div id=\"elementor-tab-title-1727\" class=\"elementor-tab-title\" data-tab=\"7\" role=\"button\" aria-controls=\"elementor-tab-content-1727\" aria-expanded=\"false\">\n\t\t\t\t\t\t\t\t\t\t\t\t<span class=\"elementor-toggle-icon elementor-toggle-icon-left\" aria-hidden=\"true\">\n\t\t\t\t\t\t\t\t\t\t\t\t\t\t\t<span class=\"elementor-toggle-icon-closed\"><i class=\"fas fa-caret-right\"><\/i><\/span>\n\t\t\t\t\t\t\t\t<span class=\"elementor-toggle-icon-opened\"><i class=\"elementor-toggle-icon-opened fas fa-caret-up\"><\/i><\/span>\n\t\t\t\t\t\t\t\t\t\t\t\t\t<\/span>\n\t\t\t\t\t\t\t\t\t\t\t\t<a class=\"elementor-toggle-title\" tabindex=\"0\">Y a t-il des assistants de langue\u00a0? <\/a>\n\t\t\t\t\t<\/div>\n\n\t\t\t\t\t<div id=\"elementor-tab-content-1727\" class=\"elementor-tab-content elementor-clearfix\" data-tab=\"7\" role=\"region\" aria-labelledby=\"elementor-tab-title-1727\"><ul><li style=\"list-style-type: none;\"><ul><li><span style=\"font-family: Arial, serif; font-size: small; color: #000000;\">Chinois : Chaque ann\u00e9e, un ou une assistante de langue chinoise intervient 1 heure par semaine dans chaque classe.<\/span><\/li><\/ul><\/li><\/ul><ul><li style=\"list-style-type: none;\"><ul><li><span style=\"font-family: Arial, serif; font-size: small; color: #000000;\">Italien : Un ou une assistante de langue italienne intervient 1 heure par semaine dans chaque classe.<\/span><\/li><\/ul><\/li><\/ul><ul><li style=\"list-style-type: none;\"><ul><li><span style=\"font-family: Arial, serif; font-size: small; color: #000000;\">Une Japonais : Il n\u2019y a pas d\u2019assistant de langue japonaise.<\/span><\/li><\/ul><\/li><\/ul><\/div>\n\t\t\t\t<\/div>\n\t\t\t\t\t\t\t<div class=\"elementor-toggle-item\">\n\t\t\t\t\t<div id=\"elementor-tab-title-1728\" class=\"elementor-tab-title\" data-tab=\"8\" role=\"button\" aria-controls=\"elementor-tab-content-1728\" aria-expanded=\"false\">\n\t\t\t\t\t\t\t\t\t\t\t\t<span class=\"elementor-toggle-icon elementor-toggle-icon-left\" aria-hidden=\"true\">\n\t\t\t\t\t\t\t\t\t\t\t\t\t\t\t<span class=\"elementor-toggle-icon-closed\"><i class=\"fas fa-caret-right\"><\/i><\/span>\n\t\t\t\t\t\t\t\t<span class=\"elementor-toggle-icon-opened\"><i class=\"elementor-toggle-icon-opened fas fa-caret-up\"><\/i><\/span>\n\t\t\t\t\t\t\t\t\t\t\t\t\t<\/span>\n\t\t\t\t\t\t\t\t\t\t\t\t<a class=\"elementor-toggle-title\" tabindex=\"0\">Est-ce que c\u2019est difficile d\u2019apprendre une nouvelle langue\u00a0? <\/a>\n\t\t\t\t\t<\/div>\n\n\t\t\t\t\t<div id=\"elementor-tab-content-1728\" class=\"elementor-tab-content elementor-clearfix\" data-tab=\"8\" role=\"region\" aria-labelledby=\"elementor-tab-title-1728\"><ul><li style=\"list-style-type: none;\"><ul><li><span style=\"font-family: Arial, serif; font-size: small; color: #000000;\">Chinois : L\u2019apprentissage de cette langue n\u2019est pas plus difficile qu\u2019une autre mais elle est tr\u00e8s distante des langues europ\u00e9ennes et l\u2019apprendre demande beaucoup de travail pour l\u2019\u00e9criture en particulier. Par contre la grammaire est tr\u00e8s simple (voir diaporama)<\/span><\/li><\/ul><\/li><\/ul><ul><li style=\"list-style-type: none;\"><ul><li><span style=\"font-family: Arial, serif; font-size: small; color: #000000;\">Italien : Cette langue romane et latine est proche du fran\u00e7ais par sa syntaxe. Elle pr\u00e9sente moins de difficult\u00e9s de compr\u00e9hension que d\u2019autres langues plus distantes. Cela permet donc, si l\u2019on est impliqu\u00e9 et assidu de progresser assez vite et de communiquer sur des sujets de soci\u00e9t\u00e9 ou d\u2019actualit\u00e9 et de nature plus culturelle. La difficult\u00e9 essentielle est dans la m\u00e9morisation. (voir diaporama)<\/span><\/li><\/ul><\/li><\/ul><ul><li style=\"list-style-type: none;\"><ul><li><span style=\"font-family: Arial, serif; font-size: small; color: #000000;\">Japonais : Ce qui est le plus complexe c\u2019est l\u2019apprentissage de l\u2019\u00e9criture et de la lecture qui demande un investissement important surtout lors de la premi\u00e8re ann\u00e9e en seconde. Sinon la grammaire est tr\u00e8s simple car il n\u2019y a pas d\u2019articles, peu de conjugaisons des verbes (voir diaporama)<\/span><\/li><\/ul><\/li><\/ul><\/div>\n\t\t\t\t<\/div>\n\t\t\t\t\t\t\t<div class=\"elementor-toggle-item\">\n\t\t\t\t\t<div id=\"elementor-tab-title-1729\" class=\"elementor-tab-title\" data-tab=\"9\" role=\"button\" aria-controls=\"elementor-tab-content-1729\" aria-expanded=\"false\">\n\t\t\t\t\t\t\t\t\t\t\t\t<span class=\"elementor-toggle-icon elementor-toggle-icon-left\" aria-hidden=\"true\">\n\t\t\t\t\t\t\t\t\t\t\t\t\t\t\t<span class=\"elementor-toggle-icon-closed\"><i class=\"fas fa-caret-right\"><\/i><\/span>\n\t\t\t\t\t\t\t\t<span class=\"elementor-toggle-icon-opened\"><i class=\"elementor-toggle-icon-opened fas fa-caret-up\"><\/i><\/span>\n\t\t\t\t\t\t\t\t\t\t\t\t\t<\/span>\n\t\t\t\t\t\t\t\t\t\t\t\t<a class=\"elementor-toggle-title\" tabindex=\"0\">Est-ce qu\u2019apprendre une nouvelle langue\u00a0demande beaucoup de travail \u00e0 la maison? <\/a>\n\t\t\t\t\t<\/div>\n\n\t\t\t\t\t<div id=\"elementor-tab-content-1729\" class=\"elementor-tab-content elementor-clearfix\" data-tab=\"9\" role=\"region\" aria-labelledby=\"elementor-tab-title-1729\"><ul><li style=\"list-style-type: none;\"><ul><li><span style=\"font-family: Arial, serif; font-size: small; color: #000000;\">Chinois : 80% des apprentissages de cette langue se font en classe. Le reste est \u00e0 faire \u00e0 la maison y compris le travail de l\u2019\u00e9criture qui demande environ 20 minutes par semaine.<\/span><\/li><\/ul><\/li><\/ul><ul><li style=\"list-style-type: none;\"><ul><li><span style=\"font-family: Arial, serif; font-size: small; color: #000000;\">Italien : Le travail en classe correspond \u00e0 70% des apprentissages. Le reste est constitu\u00e9 d\u2019exercices, de m\u00e9morisation et de travaux d\u2019expression (r\u00e9daction, expression orale)<\/span><\/li><\/ul><\/li><\/ul><ul><li style=\"list-style-type: none;\"><ul><li><span style=\"font-family: Arial, serif; font-size: small; color: #000000;\">Japonais : 90% des apprentissages de cette langue se font en classe. Cela demande 10 minutes deux fois par semaine avec une grande r\u00e9gularit\u00e9 pour l\u2019apprentissage de l\u2019\u00e9criture.<\/span><\/li><\/ul><\/li><\/ul><\/div>\n\t\t\t\t<\/div>\n\t\t\t\t\t\t\t<div class=\"elementor-toggle-item\">\n\t\t\t\t\t<div id=\"elementor-tab-title-17210\" class=\"elementor-tab-title\" data-tab=\"10\" role=\"button\" aria-controls=\"elementor-tab-content-17210\" aria-expanded=\"false\">\n\t\t\t\t\t\t\t\t\t\t\t\t<span class=\"elementor-toggle-icon elementor-toggle-icon-left\" aria-hidden=\"true\">\n\t\t\t\t\t\t\t\t\t\t\t\t\t\t\t<span class=\"elementor-toggle-icon-closed\"><i class=\"fas fa-caret-right\"><\/i><\/span>\n\t\t\t\t\t\t\t\t<span class=\"elementor-toggle-icon-opened\"><i class=\"elementor-toggle-icon-opened fas fa-caret-up\"><\/i><\/span>\n\t\t\t\t\t\t\t\t\t\t\t\t\t<\/span>\n\t\t\t\t\t\t\t\t\t\t\t\t<a class=\"elementor-toggle-title\" tabindex=\"0\">Quelle est la place de la civilisation et de la culture dans ces enseignements optionnels? <\/a>\n\t\t\t\t\t<\/div>\n\n\t\t\t\t\t<div id=\"elementor-tab-content-17210\" class=\"elementor-tab-content elementor-clearfix\" data-tab=\"10\" role=\"region\" aria-labelledby=\"elementor-tab-title-17210\"><ul><li style=\"list-style-type: none;\"><ul><li><span style=\"font-family: Arial, serif; font-size: small; color: #000000;\">Chinois : 40% du contenu de l\u2019enseignement en classe de chinois est consacr\u00e9 \u00e0 la civilisation et \u00e0 la culture (f\u00eates traditionnelles F\u00eate de la Lune et F\u00eate du Printemps, la cuisine chinoise, la m\u00e9decine traditionnelle, Marco Polo en Chine, les explorateurs chinois, la diaspora chinoise, les nouvelles routes de la soie\u2026)\u00a0<\/span><\/li><\/ul><\/li><\/ul><ul><li style=\"list-style-type: none;\"><ul><li><span style=\"font-family: Arial, serif; font-size: small; color: #000000;\">Italien : L\u2019\u00e9tude de la langue est bas\u00e9e sur une approche culturelle : la vie quotidienne, l\u2019histoire, les arts, la litt\u00e9rature, la culture populaire\u2026 Donc la civilisation est une part essentielle de l\u2019enseignement.<\/span><\/li><\/ul><\/li><\/ul><ul><li style=\"list-style-type: none;\"><ul><li><span style=\"font-family: Arial, serif; font-size: small; color: #000000;\">Japonais : 50% du contenu de l\u2019enseignement en classe de japonais est consacr\u00e9 \u00e0 la civilisation et \u00e0 la culture. R\u00e9flexion sur l\u2019ambivalence modernit\u00e9 et tradition, l\u2019histoire et la g\u00e9ographie, le Japon face \u00e0 sa nature, le syst\u00e8me \u00e9ducatif, la vie quotidienne, le monde de l\u2019entreprise, les diff\u00e9rents types d\u2019id\u00e9ologies (Shinto\u00efsme, bouddhisme), la cuisine sont th\u00e8mes essentiels abord\u00e9s en classe de japonais.<\/span><\/li><\/ul><\/li><\/ul><\/div>\n\t\t\t\t<\/div>\n\t\t\t\t\t\t\t<div class=\"elementor-toggle-item\">\n\t\t\t\t\t<div id=\"elementor-tab-title-17211\" class=\"elementor-tab-title\" data-tab=\"11\" role=\"button\" aria-controls=\"elementor-tab-content-17211\" aria-expanded=\"false\">\n\t\t\t\t\t\t\t\t\t\t\t\t<span class=\"elementor-toggle-icon elementor-toggle-icon-left\" aria-hidden=\"true\">\n\t\t\t\t\t\t\t\t\t\t\t\t\t\t\t<span class=\"elementor-toggle-icon-closed\"><i class=\"fas fa-caret-right\"><\/i><\/span>\n\t\t\t\t\t\t\t\t<span class=\"elementor-toggle-icon-opened\"><i class=\"elementor-toggle-icon-opened fas fa-caret-up\"><\/i><\/span>\n\t\t\t\t\t\t\t\t\t\t\t\t\t<\/span>\n\t\t\t\t\t\t\t\t\t\t\t\t<a class=\"elementor-toggle-title\" tabindex=\"0\">Combien sommes-nous en classe\u00a0? <\/a>\n\t\t\t\t\t<\/div>\n\n\t\t\t\t\t<div id=\"elementor-tab-content-17211\" class=\"elementor-tab-content elementor-clearfix\" data-tab=\"11\" role=\"region\" aria-labelledby=\"elementor-tab-title-17211\"><ul><li style=\"list-style-type: none;\"><ul><li><span style=\"font-family: Arial, serif; font-size: small; color: #000000;\">Chinois : Entre 25 et 30 \u00e9l\u00e8ves par classe selon les ann\u00e9es.<\/span><\/li><\/ul><\/li><\/ul><ul><li style=\"list-style-type: none;\"><ul><li><span style=\"font-family: Arial, serif; font-size: small; color: #000000;\">Italien : Entre 10 et 25 \u00e9l\u00e8ves par classe selon les ann\u00e9es.<\/span><\/li><\/ul><\/li><\/ul><ul><li style=\"list-style-type: none;\"><ul><li><span style=\"font-family: Arial, serif; font-size: small; color: #000000;\">Japonais : entre 25 et 35 \u00e9l\u00e8ves par classe selon les ann\u00e9es.<\/span><\/li><\/ul><\/li><\/ul><\/div>\n\t\t\t\t<\/div>\n\t\t\t\t\t\t\t<div class=\"elementor-toggle-item\">\n\t\t\t\t\t<div id=\"elementor-tab-title-17212\" class=\"elementor-tab-title\" data-tab=\"12\" role=\"button\" aria-controls=\"elementor-tab-content-17212\" aria-expanded=\"false\">\n\t\t\t\t\t\t\t\t\t\t\t\t<span class=\"elementor-toggle-icon elementor-toggle-icon-left\" aria-hidden=\"true\">\n\t\t\t\t\t\t\t\t\t\t\t\t\t\t\t<span class=\"elementor-toggle-icon-closed\"><i class=\"fas fa-caret-right\"><\/i><\/span>\n\t\t\t\t\t\t\t\t<span class=\"elementor-toggle-icon-opened\"><i class=\"elementor-toggle-icon-opened fas fa-caret-up\"><\/i><\/span>\n\t\t\t\t\t\t\t\t\t\t\t\t\t<\/span>\n\t\t\t\t\t\t\t\t\t\t\t\t<a class=\"elementor-toggle-title\" tabindex=\"0\">Est-il possible d\u2019int\u00e9grer en cours de cursus si l\u2019on n\u2019a pas \u00e9t\u00e9 pris en seconde\u00a0? <\/a>\n\t\t\t\t\t<\/div>\n\n\t\t\t\t\t<div id=\"elementor-tab-content-17212\" class=\"elementor-tab-content elementor-clearfix\" data-tab=\"12\" role=\"region\" aria-labelledby=\"elementor-tab-title-17212\"><p><span style=\"color: #000000;\"><span style=\"font-family: Calibri, serif;\"><span style=\"font-size: small;\"><span style=\"font-family: Arial, serif;\"><span lang=\"fr-FR\">Non sauf cas tr\u00e8s exceptionnel (cours suivis au CNED, scolarit\u00e9 dans le pays ou bilinguisme) et en fonction du nombre de places disponibles.<\/span><\/span><\/span><\/span><\/span><\/p><\/div>\n\t\t\t\t<\/div>\n\t\t\t\t\t\t\t<div class=\"elementor-toggle-item\">\n\t\t\t\t\t<div id=\"elementor-tab-title-17213\" class=\"elementor-tab-title\" data-tab=\"13\" role=\"button\" aria-controls=\"elementor-tab-content-17213\" aria-expanded=\"false\">\n\t\t\t\t\t\t\t\t\t\t\t\t<span class=\"elementor-toggle-icon elementor-toggle-icon-left\" aria-hidden=\"true\">\n\t\t\t\t\t\t\t\t\t\t\t\t\t\t\t<span class=\"elementor-toggle-icon-closed\"><i class=\"fas fa-caret-right\"><\/i><\/span>\n\t\t\t\t\t\t\t\t<span class=\"elementor-toggle-icon-opened\"><i class=\"elementor-toggle-icon-opened fas fa-caret-up\"><\/i><\/span>\n\t\t\t\t\t\t\t\t\t\t\t\t\t<\/span>\n\t\t\t\t\t\t\t\t\t\t\t\t<a class=\"elementor-toggle-title\" tabindex=\"0\">\u00a0Faudra-t-il se procurer un manuel ? <\/a>\n\t\t\t\t\t<\/div>\n\n\t\t\t\t\t<div id=\"elementor-tab-content-17213\" class=\"elementor-tab-content elementor-clearfix\" data-tab=\"13\" role=\"region\" aria-labelledby=\"elementor-tab-title-17213\"><ul><li style=\"list-style-type: none;\"><ul><li><span style=\"font-family: Arial, serif; font-size: small; color: #000000;\">Chinois : Le manuel est fourni par l\u2019\u00e9tablissement (financ\u00e9 par le Conseil R\u00e9gional). Un cahier d\u2019\u00e9criture et un TD devront \u00eatre achet\u00e9s chaque ann\u00e9e.<\/span><\/li><\/ul><\/li><\/ul><ul><li style=\"list-style-type: none;\"><ul><li><span style=\"font-family: Arial, serif; font-size: small; color: #000000;\">Italien : Le manuel est fourni par l\u2019\u00e9tablissement (financ\u00e9 par le Conseil R\u00e9gional).<\/span><\/li><\/ul><\/li><\/ul><ul><li style=\"list-style-type: none;\"><ul><li><span style=\"font-family: Arial, serif; font-size: small; color: #000000;\">Japonais : Vous aurez \u00e0 faire l\u2019achat d\u2019un manuel utilis\u00e9 pendant les 3 ann\u00e9es d\u2019apprentissage du japonais.<\/span><\/li><\/ul><\/li><\/ul><\/div>\n\t\t\t\t<\/div>\n\t\t\t\t\t\t\t<div class=\"elementor-toggle-item\">\n\t\t\t\t\t<div id=\"elementor-tab-title-17214\" class=\"elementor-tab-title\" data-tab=\"14\" role=\"button\" aria-controls=\"elementor-tab-content-17214\" aria-expanded=\"false\">\n\t\t\t\t\t\t\t\t\t\t\t\t<span class=\"elementor-toggle-icon elementor-toggle-icon-left\" aria-hidden=\"true\">\n\t\t\t\t\t\t\t\t\t\t\t\t\t\t\t<span class=\"elementor-toggle-icon-closed\"><i class=\"fas fa-caret-right\"><\/i><\/span>\n\t\t\t\t\t\t\t\t<span class=\"elementor-toggle-icon-opened\"><i class=\"elementor-toggle-icon-opened fas fa-caret-up\"><\/i><\/span>\n\t\t\t\t\t\t\t\t\t\t\t\t\t<\/span>\n\t\t\t\t\t\t\t\t\t\t\t\t<a class=\"elementor-toggle-title\" tabindex=\"0\">\u00a0Quel niveau est attendu en fin de terminale? <\/a>\n\t\t\t\t\t<\/div>\n\n\t\t\t\t\t<div id=\"elementor-tab-content-17214\" class=\"elementor-tab-content elementor-clearfix\" data-tab=\"14\" role=\"region\" aria-labelledby=\"elementor-tab-title-17214\"><ul><li style=\"list-style-type: none;\"><ul><li><span style=\"font-family: Arial, serif; font-size: small; color: #000000;\">Chinois : En terminale, les \u00e9l\u00e8ves devraient atteindre le niveau B1.<\/span><\/li><\/ul><\/li><\/ul><ul><li style=\"list-style-type: none;\"><ul><li><span style=\"font-family: Arial, serif; font-size: small; color: #000000;\">Italien : En terminale, les \u00e9l\u00e8ves devraient atteindre le niveau B1.<\/span><\/li><\/ul><\/li><\/ul><ul><li style=\"list-style-type: none;\"><ul><li><span style=\"font-family: Arial, serif; font-size: small; color: #000000;\">Japonais : En terminale, les \u00e9l\u00e8ves devraient atteindre le niveau B1.<\/span><\/li><\/ul><\/li><\/ul><\/div>\n\t\t\t\t<\/div>\n\t\t\t\t\t\t\t\t<\/div>\n\t\t\t\t\t\t<\/div>\n\t\t\t\t<\/div>\n\t\t\t\t\t<\/div>\n\t\t<\/div>\n\t\t\t\t\t<\/div>\n\t\t<\/section>\n\t\t\t\t<\/div>\n\t\t","protected":false},"excerpt":{"rendered":"<p>Comment int\u00e9grer cet enseignement optionnel\u00a0? Chinois : Inscription par Affelnet (Affelnet\u00a0: l&rsquo;application pour g\u00e9rer l&rsquo;affectation des \u00e9l\u00e8ves au lyc\u00e9e) m\u00eame pour les \u00e9l\u00e8ves du secteur. Les dates sont communiqu\u00e9es par votre coll\u00e8ge. Italien : Sur demande, lors de l\u2019inscription effective &hellip; <\/p>\n","protected":false},"author":1,"featured_media":0,"comment_status":"closed","ping_status":"open","sticky":false,"template":"","format":"standard","meta":{"footnotes":""},"categories":[7],"tags":[],"class_list":["post-9510","post","type-post","status-publish","format-standard","hentry","category-secondaire"],"_links":{"self":[{"href":"https:\/\/portesouvertes.lycee-ozenne.fr\/index.php\/wp-json\/wp\/v2\/posts\/9510","targetHints":{"allow":["GET"]}}],"collection":[{"href":"https:\/\/portesouvertes.lycee-ozenne.fr\/index.php\/wp-json\/wp\/v2\/posts"}],"about":[{"href":"https:\/\/portesouvertes.lycee-ozenne.fr\/index.php\/wp-json\/wp\/v2\/types\/post"}],"author":[{"embeddable":true,"href":"https:\/\/portesouvertes.lycee-ozenne.fr\/index.php\/wp-json\/wp\/v2\/users\/1"}],"replies":[{"embeddable":true,"href":"https:\/\/portesouvertes.lycee-ozenne.fr\/index.php\/wp-json\/wp\/v2\/comments?post=9510"}],"version-history":[{"count":4,"href":"https:\/\/portesouvertes.lycee-ozenne.fr\/index.php\/wp-json\/wp\/v2\/posts\/9510\/revisions"}],"predecessor-version":[{"id":9603,"href":"https:\/\/portesouvertes.lycee-ozenne.fr\/index.php\/wp-json\/wp\/v2\/posts\/9510\/revisions\/9603"}],"wp:attachment":[{"href":"https:\/\/portesouvertes.lycee-ozenne.fr\/index.php\/wp-json\/wp\/v2\/media?parent=9510"}],"wp:term":[{"taxonomy":"category","embeddable":true,"href":"https:\/\/portesouvertes.lycee-ozenne.fr\/index.php\/wp-json\/wp\/v2\/categories?post=9510"},{"taxonomy":"post_tag","embeddable":true,"href":"https:\/\/portesouvertes.lycee-ozenne.fr\/index.php\/wp-json\/wp\/v2\/tags?post=9510"}],"curies":[{"name":"wp","href":"https:\/\/api.w.org\/{rel}","templated":true}]}}