{"id":10767,"date":"2021-01-28T11:50:22","date_gmt":"2021-01-28T10:50:22","guid":{"rendered":"http:\/\/portesouvertes.lycee-ozenne.fr\/?p=10767"},"modified":"2021-11-29T08:50:50","modified_gmt":"2021-11-29T07:50:50","slug":"cpge-biologie-chimie-physique-et-sciences-de-la-terre","status":"publish","type":"post","link":"https:\/\/portesouvertes.lycee-ozenne.fr\/index.php\/2021\/01\/28\/cpge-biologie-chimie-physique-et-sciences-de-la-terre\/","title":{"rendered":"CPGE  &#8211; Biologie, chimie, physique et sciences de la Terre"},"content":{"rendered":"\t\t<div data-elementor-type=\"wp-post\" data-elementor-id=\"10767\" class=\"elementor elementor-10767\">\n\t\t\t\t\t\t<section class=\"elementor-section elementor-top-section elementor-element elementor-element-fae7bbf elementor-section-boxed elementor-section-height-default elementor-section-height-default\" data-id=\"fae7bbf\" data-element_type=\"section\">\n\t\t\t\t\t\t<div class=\"elementor-container elementor-column-gap-default\">\n\t\t\t\t\t<div class=\"elementor-column elementor-col-100 elementor-top-column elementor-element elementor-element-d0bae40\" data-id=\"d0bae40\" data-element_type=\"column\">\n\t\t\t<div class=\"elementor-widget-wrap elementor-element-populated\">\n\t\t\t\t\t\t<div class=\"elementor-element elementor-element-9232877 elementor-widget elementor-widget-spacer\" data-id=\"9232877\" data-element_type=\"widget\" data-widget_type=\"spacer.default\">\n\t\t\t\t<div class=\"elementor-widget-container\">\n\t\t\t\t\t\t\t<div class=\"elementor-spacer\">\n\t\t\t<div class=\"elementor-spacer-inner\"><\/div>\n\t\t<\/div>\n\t\t\t\t\t\t<\/div>\n\t\t\t\t<\/div>\n\t\t\t\t\t<\/div>\n\t\t<\/div>\n\t\t\t\t\t<\/div>\n\t\t<\/section>\n\t\t\t\t<section class=\"elementor-section elementor-top-section elementor-element elementor-element-124ea24 elementor-section-boxed elementor-section-height-default elementor-section-height-default\" data-id=\"124ea24\" data-element_type=\"section\">\n\t\t\t\t\t\t<div class=\"elementor-container elementor-column-gap-default\">\n\t\t\t\t\t<div class=\"elementor-column elementor-col-100 elementor-top-column elementor-element elementor-element-d6e4f85\" data-id=\"d6e4f85\" data-element_type=\"column\">\n\t\t\t<div class=\"elementor-widget-wrap elementor-element-populated\">\n\t\t\t\t\t\t<div class=\"elementor-element elementor-element-2fed0dd elementor-widget elementor-widget-html\" data-id=\"2fed0dd\" data-element_type=\"widget\" data-widget_type=\"html.default\">\n\t\t\t\t<div class=\"elementor-widget-container\">\n\t\t\t\t\t<iframe src=\"https:\/\/docs.google.com\/presentation\/d\/e\/2PACX-1vT5GMsOZWBser22XD5iESrHDEoWQQCcM8HKq0tkzZ4SFYFEtdUfwL_RCCKVVk6zMQ\/embed?start=true&loop=true&delayms=5000\" frameborder=\"0\" width=\"1280\" height=\"749\" allowfullscreen=\"true\" mozallowfullscreen=\"true\" webkitallowfullscreen=\"true\"><\/iframe>\t\t\t\t<\/div>\n\t\t\t\t<\/div>\n\t\t\t\t\t<\/div>\n\t\t<\/div>\n\t\t\t\t\t<\/div>\n\t\t<\/section>\n\t\t\t\t<section class=\"elementor-section elementor-top-section elementor-element elementor-element-1fa547c elementor-section-boxed elementor-section-height-default elementor-section-height-default\" data-id=\"1fa547c\" data-element_type=\"section\">\n\t\t\t\t\t\t<div class=\"elementor-container elementor-column-gap-default\">\n\t\t\t\t\t<div class=\"elementor-column elementor-col-100 elementor-top-column elementor-element elementor-element-877941f\" data-id=\"877941f\" data-element_type=\"column\">\n\t\t\t<div class=\"elementor-widget-wrap elementor-element-populated\">\n\t\t\t\t\t\t<div class=\"elementor-element elementor-element-3267c15 elementor-widget elementor-widget-spacer\" data-id=\"3267c15\" data-element_type=\"widget\" data-widget_type=\"spacer.default\">\n\t\t\t\t<div class=\"elementor-widget-container\">\n\t\t\t\t\t\t\t<div class=\"elementor-spacer\">\n\t\t\t<div class=\"elementor-spacer-inner\"><\/div>\n\t\t<\/div>\n\t\t\t\t\t\t<\/div>\n\t\t\t\t<\/div>\n\t\t\t\t\t<\/div>\n\t\t<\/div>\n\t\t\t\t\t<\/div>\n\t\t<\/section>\n\t\t\t\t<section class=\"elementor-section elementor-top-section elementor-element elementor-element-d32d695 elementor-section-boxed elementor-section-height-default elementor-section-height-default\" data-id=\"d32d695\" data-element_type=\"section\">\n\t\t\t\t\t\t<div class=\"elementor-container elementor-column-gap-default\">\n\t\t\t\t\t<div class=\"elementor-column elementor-col-50 elementor-top-column elementor-element elementor-element-d66342c\" data-id=\"d66342c\" data-element_type=\"column\">\n\t\t\t<div class=\"elementor-widget-wrap elementor-element-populated\">\n\t\t\t\t\t\t<div class=\"elementor-element elementor-element-165d171 elementor-widget elementor-widget-heading\" data-id=\"165d171\" data-element_type=\"widget\" data-widget_type=\"heading.default\">\n\t\t\t\t<div class=\"elementor-widget-container\">\n\t\t\t\t\t<h2 class=\"elementor-heading-title elementor-size-default\">Pr\u00e9sentation <\/h2>\t\t\t\t<\/div>\n\t\t\t\t<\/div>\n\t\t\t\t<div class=\"elementor-element elementor-element-b47a742 elementor-widget elementor-widget-html\" data-id=\"b47a742\" data-element_type=\"widget\" data-widget_type=\"html.default\">\n\t\t\t\t<div class=\"elementor-widget-container\">\n\t\t\t\t\t<iframe width=\"560\" height=\"315\" src=\"https:\/\/www.youtube.com\/embed\/sS3VWL1A19w\" frameborder=\"0\" allow=\"accelerometer; autoplay; clipboard-write; encrypted-media; gyroscope; picture-in-picture\" allowfullscreen><\/iframe>\t\t\t\t<\/div>\n\t\t\t\t<\/div>\n\t\t\t\t\t<\/div>\n\t\t<\/div>\n\t\t\t\t<div class=\"elementor-column elementor-col-50 elementor-top-column elementor-element elementor-element-773328e\" data-id=\"773328e\" data-element_type=\"column\">\n\t\t\t<div class=\"elementor-widget-wrap elementor-element-populated\">\n\t\t\t\t\t\t<div class=\"elementor-element elementor-element-578a2f0 elementor-widget elementor-widget-heading\" data-id=\"578a2f0\" data-element_type=\"widget\" data-widget_type=\"heading.default\">\n\t\t\t\t<div class=\"elementor-widget-container\">\n\t\t\t\t\t<h2 class=\"elementor-heading-title elementor-size-default\">T\u00e9moignages des Etudiants<\/h2>\t\t\t\t<\/div>\n\t\t\t\t<\/div>\n\t\t\t\t<div class=\"elementor-element elementor-element-04e3590 elementor-widget elementor-widget-html\" data-id=\"04e3590\" data-element_type=\"widget\" data-widget_type=\"html.default\">\n\t\t\t\t<div class=\"elementor-widget-container\">\n\t\t\t\t\t<iframe width=\"560\" height=\"315\" src=\"https:\/\/www.youtube.com\/embed\/KSzGtoTfQII\" frameborder=\"0\" allow=\"accelerometer; autoplay; clipboard-write; encrypted-media; gyroscope; picture-in-picture\" allowfullscreen><\/iframe>\t\t\t\t<\/div>\n\t\t\t\t<\/div>\n\t\t\t\t\t<\/div>\n\t\t<\/div>\n\t\t\t\t\t<\/div>\n\t\t<\/section>\n\t\t\t\t<section class=\"elementor-section elementor-top-section elementor-element elementor-element-8570f72 elementor-section-boxed elementor-section-height-default elementor-section-height-default\" data-id=\"8570f72\" data-element_type=\"section\">\n\t\t\t\t\t\t<div class=\"elementor-container elementor-column-gap-default\">\n\t\t\t\t\t<div class=\"elementor-column elementor-col-100 elementor-top-column elementor-element elementor-element-2c3bb8e\" data-id=\"2c3bb8e\" data-element_type=\"column\">\n\t\t\t<div class=\"elementor-widget-wrap elementor-element-populated\">\n\t\t\t\t\t\t<div class=\"elementor-element elementor-element-a103a61 elementor-widget elementor-widget-spacer\" data-id=\"a103a61\" data-element_type=\"widget\" data-widget_type=\"spacer.default\">\n\t\t\t\t<div class=\"elementor-widget-container\">\n\t\t\t\t\t\t\t<div class=\"elementor-spacer\">\n\t\t\t<div class=\"elementor-spacer-inner\"><\/div>\n\t\t<\/div>\n\t\t\t\t\t\t<\/div>\n\t\t\t\t<\/div>\n\t\t\t\t\t<\/div>\n\t\t<\/div>\n\t\t\t\t\t<\/div>\n\t\t<\/section>\n\t\t\t\t<section class=\"elementor-section elementor-top-section elementor-element elementor-element-0265750 elementor-section-boxed elementor-section-height-default elementor-section-height-default\" data-id=\"0265750\" data-element_type=\"section\">\n\t\t\t\t\t\t<div class=\"elementor-container elementor-column-gap-default\">\n\t\t\t\t\t<div class=\"elementor-column elementor-col-50 elementor-top-column elementor-element elementor-element-132a23d\" data-id=\"132a23d\" data-element_type=\"column\">\n\t\t\t<div class=\"elementor-widget-wrap elementor-element-populated\">\n\t\t\t\t\t\t<div class=\"elementor-element elementor-element-7c11bb6 elementor-widget elementor-widget-heading\" data-id=\"7c11bb6\" data-element_type=\"widget\" data-widget_type=\"heading.default\">\n\t\t\t\t<div class=\"elementor-widget-container\">\n\t\t\t\t\t<h2 class=\"elementor-heading-title elementor-size-default\">Questions\/R\u00e9ponses<\/h2>\t\t\t\t<\/div>\n\t\t\t\t<\/div>\n\t\t\t\t<div class=\"elementor-element elementor-element-da0dea3 elementor-widget elementor-widget-html\" data-id=\"da0dea3\" data-element_type=\"widget\" data-widget_type=\"html.default\">\n\t\t\t\t<div class=\"elementor-widget-container\">\n\t\t\t\t\t<iframe width=\"560\" height=\"315\" src=\"https:\/\/www.youtube.com\/embed\/uf3XytBRu9w\" frameborder=\"0\" allow=\"accelerometer; autoplay; clipboard-write; encrypted-media; gyroscope; picture-in-picture\" allowfullscreen><\/iframe>\t\t\t\t<\/div>\n\t\t\t\t<\/div>\n\t\t\t\t\t<\/div>\n\t\t<\/div>\n\t\t\t\t<div class=\"elementor-column elementor-col-50 elementor-top-column elementor-element elementor-element-d141bd8\" data-id=\"d141bd8\" data-element_type=\"column\">\n\t\t\t<div class=\"elementor-widget-wrap elementor-element-populated\">\n\t\t\t\t\t\t<div class=\"elementor-element elementor-element-0159f99 elementor-widget elementor-widget-heading\" data-id=\"0159f99\" data-element_type=\"widget\" data-widget_type=\"heading.default\">\n\t\t\t\t<div class=\"elementor-widget-container\">\n\t\t\t\t\t<h2 class=\"elementor-heading-title elementor-size-default\">Une journ\u00e9e en pr\u00e9pa<\/h2>\t\t\t\t<\/div>\n\t\t\t\t<\/div>\n\t\t\t\t<div class=\"elementor-element elementor-element-b277eb1 elementor-widget elementor-widget-html\" data-id=\"b277eb1\" data-element_type=\"widget\" data-widget_type=\"html.default\">\n\t\t\t\t<div class=\"elementor-widget-container\">\n\t\t\t\t\t<iframe width=\"560\" height=\"315\" src=\"https:\/\/www.youtube.com\/embed\/AQI_SdlR0r4\" frameborder=\"0\" allow=\"accelerometer; autoplay; clipboard-write; encrypted-media; gyroscope; picture-in-picture\" allowfullscreen><\/iframe>\t\t\t\t<\/div>\n\t\t\t\t<\/div>\n\t\t\t\t\t<\/div>\n\t\t<\/div>\n\t\t\t\t\t<\/div>\n\t\t<\/section>\n\t\t\t\t<section class=\"elementor-section elementor-top-section elementor-element elementor-element-9fde967 elementor-section-boxed elementor-section-height-default elementor-section-height-default\" data-id=\"9fde967\" data-element_type=\"section\">\n\t\t\t\t\t\t<div class=\"elementor-container elementor-column-gap-default\">\n\t\t\t\t\t<div class=\"elementor-column elementor-col-100 elementor-top-column elementor-element elementor-element-8800155\" data-id=\"8800155\" data-element_type=\"column\">\n\t\t\t<div class=\"elementor-widget-wrap elementor-element-populated\">\n\t\t\t\t\t\t<div class=\"elementor-element elementor-element-515f748 elementor-widget elementor-widget-spacer\" data-id=\"515f748\" data-element_type=\"widget\" data-widget_type=\"spacer.default\">\n\t\t\t\t<div class=\"elementor-widget-container\">\n\t\t\t\t\t\t\t<div class=\"elementor-spacer\">\n\t\t\t<div class=\"elementor-spacer-inner\"><\/div>\n\t\t<\/div>\n\t\t\t\t\t\t<\/div>\n\t\t\t\t<\/div>\n\t\t\t\t\t<\/div>\n\t\t<\/div>\n\t\t\t\t\t<\/div>\n\t\t<\/section>\n\t\t\t\t<section class=\"elementor-section elementor-top-section elementor-element elementor-element-0bffc63 elementor-section-boxed elementor-section-height-default elementor-section-height-default\" data-id=\"0bffc63\" data-element_type=\"section\">\n\t\t\t\t\t\t<div class=\"elementor-container elementor-column-gap-default\">\n\t\t\t\t\t<div class=\"elementor-column elementor-col-100 elementor-top-column elementor-element elementor-element-1fa0d32\" data-id=\"1fa0d32\" data-element_type=\"column\">\n\t\t\t<div class=\"elementor-widget-wrap elementor-element-populated\">\n\t\t\t\t\t\t<div class=\"elementor-element elementor-element-b806f35 elementor-widget elementor-widget-heading\" data-id=\"b806f35\" data-element_type=\"widget\" data-widget_type=\"heading.default\">\n\t\t\t\t<div class=\"elementor-widget-container\">\n\t\t\t\t\t<h2 class=\"elementor-heading-title elementor-size-default\">FAQ<\/h2>\t\t\t\t<\/div>\n\t\t\t\t<\/div>\n\t\t\t\t\t<\/div>\n\t\t<\/div>\n\t\t\t\t\t<\/div>\n\t\t<\/section>\n\t\t\t\t<section class=\"elementor-section elementor-top-section elementor-element elementor-element-1839220 elementor-section-boxed elementor-section-height-default elementor-section-height-default\" data-id=\"1839220\" data-element_type=\"section\">\n\t\t\t\t\t\t<div class=\"elementor-container elementor-column-gap-default\">\n\t\t\t\t\t<div class=\"elementor-column elementor-col-100 elementor-top-column elementor-element elementor-element-e597ea2\" data-id=\"e597ea2\" data-element_type=\"column\">\n\t\t\t<div class=\"elementor-widget-wrap elementor-element-populated\">\n\t\t\t\t\t\t<div class=\"elementor-element elementor-element-320f2b9 elementor-widget elementor-widget-toggle\" data-id=\"320f2b9\" data-element_type=\"widget\" data-widget_type=\"toggle.default\">\n\t\t\t\t<div class=\"elementor-widget-container\">\n\t\t\t\t\t\t\t<div class=\"elementor-toggle\">\n\t\t\t\t\t\t\t<div class=\"elementor-toggle-item\">\n\t\t\t\t\t<div id=\"elementor-tab-title-5241\" class=\"elementor-tab-title\" data-tab=\"1\" role=\"button\" aria-controls=\"elementor-tab-content-5241\" aria-expanded=\"false\">\n\t\t\t\t\t\t\t\t\t\t\t\t<span class=\"elementor-toggle-icon elementor-toggle-icon-left\" aria-hidden=\"true\">\n\t\t\t\t\t\t\t\t\t\t\t\t\t\t\t<span class=\"elementor-toggle-icon-closed\"><i class=\"fas fa-caret-right\"><\/i><\/span>\n\t\t\t\t\t\t\t\t<span class=\"elementor-toggle-icon-opened\"><i class=\"elementor-toggle-icon-opened fas fa-caret-up\"><\/i><\/span>\n\t\t\t\t\t\t\t\t\t\t\t\t\t<\/span>\n\t\t\t\t\t\t\t\t\t\t\t\t<a class=\"elementor-toggle-title\" tabindex=\"0\">C\u2019est quoi une CPGE ?<\/a>\n\t\t\t\t\t<\/div>\n\n\t\t\t\t\t<div id=\"elementor-tab-content-5241\" class=\"elementor-tab-content elementor-clearfix\" data-tab=\"1\" role=\"region\" aria-labelledby=\"elementor-tab-title-5241\"><p><span style=\"font-weight: 400;\">La classe pr\u00e9paratoire propose un cadre de travail en continuit\u00e9 avec le lyc\u00e9e, avec un niveau d\u2019exigence et d\u2019investissement importants. L\u2019excellence de la formation tient \u00e0 son format unique : une classe de 36 ou 48 \u00e9l\u00e8ves, des professeurs d\u00e9vou\u00e9s \u00e0 leurs \u00e9tudiants, un suivi individualis\u00e9 des \u00e9l\u00e8ves et un concours \u00e0 la fin des deux ans.<\/span><\/p><p><span style=\"font-weight: 400;\">Choisir une pr\u00e9pa, c\u2019est choisir d\u2019int\u00e9grer un collectif d\u2019\u00e9l\u00e8ves et de professeurs que l\u2019on\u00a0 c\u00f4toiera\u00a0 deux\u00a0 ann\u00e9es\u00a0 durant\u00a0 et\u00a0 au\u00a0 sein\u00a0 duquel on\u00a0 sera\u00a0 souvent\u00a0 \u00e9paul\u00e9. <\/span><\/p><\/div>\n\t\t\t\t<\/div>\n\t\t\t\t\t\t\t<div class=\"elementor-toggle-item\">\n\t\t\t\t\t<div id=\"elementor-tab-title-5242\" class=\"elementor-tab-title\" data-tab=\"2\" role=\"button\" aria-controls=\"elementor-tab-content-5242\" aria-expanded=\"false\">\n\t\t\t\t\t\t\t\t\t\t\t\t<span class=\"elementor-toggle-icon elementor-toggle-icon-left\" aria-hidden=\"true\">\n\t\t\t\t\t\t\t\t\t\t\t\t\t\t\t<span class=\"elementor-toggle-icon-closed\"><i class=\"fas fa-caret-right\"><\/i><\/span>\n\t\t\t\t\t\t\t\t<span class=\"elementor-toggle-icon-opened\"><i class=\"elementor-toggle-icon-opened fas fa-caret-up\"><\/i><\/span>\n\t\t\t\t\t\t\t\t\t\t\t\t\t<\/span>\n\t\t\t\t\t\t\t\t\t\t\t\t<a class=\"elementor-toggle-title\" tabindex=\"0\">Pourquoi BCPST ?<\/a>\n\t\t\t\t\t<\/div>\n\n\t\t\t\t\t<div id=\"elementor-tab-content-5242\" class=\"elementor-tab-content elementor-clearfix\" data-tab=\"2\" role=\"region\" aria-labelledby=\"elementor-tab-title-5242\"><p><span style=\"font-weight: 400;\">La pr\u00e9pa BCPST (biologie, chimie, physique et sciences de la Terre) offre une formation \u00e9quilibr\u00e9e en math\u00e9matiques, physique-chimie et sciences de la vie et de la Terre. Elle donne acc\u00e8s aux domaines du vivant ou des g\u00e9osciences, et bien d\u2019autres encore. Rapportez-vous \u00e0 la section d\u00e9bouch\u00e9s pour en savoir plus.<\/span><\/p><\/div>\n\t\t\t\t<\/div>\n\t\t\t\t\t\t\t<div class=\"elementor-toggle-item\">\n\t\t\t\t\t<div id=\"elementor-tab-title-5243\" class=\"elementor-tab-title\" data-tab=\"3\" role=\"button\" aria-controls=\"elementor-tab-content-5243\" aria-expanded=\"false\">\n\t\t\t\t\t\t\t\t\t\t\t\t<span class=\"elementor-toggle-icon elementor-toggle-icon-left\" aria-hidden=\"true\">\n\t\t\t\t\t\t\t\t\t\t\t\t\t\t\t<span class=\"elementor-toggle-icon-closed\"><i class=\"fas fa-caret-right\"><\/i><\/span>\n\t\t\t\t\t\t\t\t<span class=\"elementor-toggle-icon-opened\"><i class=\"elementor-toggle-icon-opened fas fa-caret-up\"><\/i><\/span>\n\t\t\t\t\t\t\t\t\t\t\t\t\t<\/span>\n\t\t\t\t\t\t\t\t\t\t\t\t<a class=\"elementor-toggle-title\" tabindex=\"0\">O\u00f9 est situ\u00e9e la scolarit\u00e9 ?<\/a>\n\t\t\t\t\t<\/div>\n\n\t\t\t\t\t<div id=\"elementor-tab-content-5243\" class=\"elementor-tab-content elementor-clearfix\" data-tab=\"3\" role=\"region\" aria-labelledby=\"elementor-tab-title-5243\"><p><span style=\"font-weight: 400;\">Les deux \u00e9tablissements (le Lyc\u00e9e d\u2019Enseignement G\u00e9n\u00e9ral et Technologique Agricole d\u2019Auzeville et le Lyc\u00e9e Ozenne) ont leurs classes pr\u00e9pa BCPST situ\u00e9es sur le site du lyc\u00e9e agricole d\u2019Auzeville, dans les m\u00eames locaux. Pour vous y rendre, l\u2019adresse postale est :\u00a0<\/span><\/p><p><span style=\"font-weight: 400;\">Lyc\u00e9e d&rsquo;Enseignement G\u00e9n\u00e9ral et Technologique de Toulouse-Auzeville<\/span><\/p><p><span style=\"font-weight: 400;\">2 Route de Narbonne<\/span><\/p><p><span style=\"font-weight: 400;\">31320 Castanet-Tolosan<\/span><\/p><p><span style=\"font-weight: 400;\">Ou suivre ce <\/span><a href=\"https:\/\/goo.gl\/maps\/BwnwGEiNpT64X65W9\"><span style=\"font-weight: 400;\">lien<\/span><\/a><span style=\"font-weight: 400;\"> : <\/span><a href=\"https:\/\/goo.gl\/maps\/BwnwGEiNpT64X65W9\"><span style=\"font-weight: 400;\">https:\/\/goo.gl\/maps\/BwnwGEiNpT64X65W9<\/span><\/a><\/p><\/div>\n\t\t\t\t<\/div>\n\t\t\t\t\t\t\t<div class=\"elementor-toggle-item\">\n\t\t\t\t\t<div id=\"elementor-tab-title-5244\" class=\"elementor-tab-title\" data-tab=\"4\" role=\"button\" aria-controls=\"elementor-tab-content-5244\" aria-expanded=\"false\">\n\t\t\t\t\t\t\t\t\t\t\t\t<span class=\"elementor-toggle-icon elementor-toggle-icon-left\" aria-hidden=\"true\">\n\t\t\t\t\t\t\t\t\t\t\t\t\t\t\t<span class=\"elementor-toggle-icon-closed\"><i class=\"fas fa-caret-right\"><\/i><\/span>\n\t\t\t\t\t\t\t\t<span class=\"elementor-toggle-icon-opened\"><i class=\"elementor-toggle-icon-opened fas fa-caret-up\"><\/i><\/span>\n\t\t\t\t\t\t\t\t\t\t\t\t\t<\/span>\n\t\t\t\t\t\t\t\t\t\t\t\t<a class=\"elementor-toggle-title\" tabindex=\"0\">Pourquoi y a-t-il des classes d\u00e9pendant des lyc\u00e9es Ozenne et d\u2019Auzeville au m\u00eame endroit ?<\/a>\n\t\t\t\t\t<\/div>\n\n\t\t\t\t\t<div id=\"elementor-tab-content-5244\" class=\"elementor-tab-content elementor-clearfix\" data-tab=\"4\" role=\"region\" aria-labelledby=\"elementor-tab-title-5244\"><p><span style=\"font-weight: 400;\">Le lyc\u00e9e agricole d\u2019Auzeville poss\u00e8de des classes pr\u00e9paratoires scientifiques : BCPST (2 classes) et ATS-Bio (1 classe).\u00a0<\/span><\/p><p><span style=\"font-weight: 400;\">Par ailleurs, le lyc\u00e9e Ozenne, localis\u00e9 rue Merly \u00e0 Toulouse, poss\u00e8de \u00e9galement des classes pr\u00e9paratoires scientifiques : BCPST (2 classes) et TB (2 classes). Depuis 2000, ces derni\u00e8res sont h\u00e9berg\u00e9es par le lyc\u00e9e agricole d\u2019Auzeville, ce qui \u00e0 la fois qui leur offre de tr\u00e8s bonnes conditions d\u2019enseignement et permet une synergie entre ces diff\u00e9rentes classes pr\u00e9paratoires (7 au total), qui fait la richesse de notre site.<\/span><\/p><p><span style=\"font-weight: 400;\">Les \u00e9tudiants, qu\u2019ils d\u00e9pendent de l\u2019un ou l\u2019autre des deux lyc\u00e9es, travaillent dans les m\u00eames conditions : m\u00eames salles de cours et de TP, acc\u00e8s au CDI et \u00e0 la restauration. Les principales diff\u00e9rences entre les deux \u00e9tablissements sont le minist\u00e8re de rattachement (Minist\u00e8re de l\u2019Agriculture pour le LEGTA d\u2019Auzeville et de l\u2019Education Nationale pour Ozenne) et l\u2019effectif maximal de la classe (35 pour Auzeville, 48 pour Ozenne).<\/span><\/p><\/div>\n\t\t\t\t<\/div>\n\t\t\t\t\t\t\t<div class=\"elementor-toggle-item\">\n\t\t\t\t\t<div id=\"elementor-tab-title-5245\" class=\"elementor-tab-title\" data-tab=\"5\" role=\"button\" aria-controls=\"elementor-tab-content-5245\" aria-expanded=\"false\">\n\t\t\t\t\t\t\t\t\t\t\t\t<span class=\"elementor-toggle-icon elementor-toggle-icon-left\" aria-hidden=\"true\">\n\t\t\t\t\t\t\t\t\t\t\t\t\t\t\t<span class=\"elementor-toggle-icon-closed\"><i class=\"fas fa-caret-right\"><\/i><\/span>\n\t\t\t\t\t\t\t\t<span class=\"elementor-toggle-icon-opened\"><i class=\"elementor-toggle-icon-opened fas fa-caret-up\"><\/i><\/span>\n\t\t\t\t\t\t\t\t\t\t\t\t\t<\/span>\n\t\t\t\t\t\t\t\t\t\t\t\t<a class=\"elementor-toggle-title\" tabindex=\"0\">Comment les \u00e9tudiants sont-ils recrut\u00e9s ? Quels sont les profils recherch\u00e9s ?<\/a>\n\t\t\t\t\t<\/div>\n\n\t\t\t\t\t<div id=\"elementor-tab-content-5245\" class=\"elementor-tab-content elementor-clearfix\" data-tab=\"5\" role=\"region\" aria-labelledby=\"elementor-tab-title-5245\"><p><span style=\"font-weight: 400;\">La s\u00e9lection des \u00e9tudiants se fait uniquement via Parcoursup, nous nous basons principalement sur les bulletins de premi\u00e8re et terminale et la fiche avenir. Nous tenons compte des moyennes, des appr\u00e9ciations des enseignants et de la position dans la classe. Nous tenons aussi compte de l&rsquo;avis du chef d&rsquo;\u00e9tablissement et du niveau de la classe. Cette ann\u00e9e, nous disposerons \u00e9galement des r\u00e9sultats aux \u00e9preuves anticip\u00e9es du bac.\u00a0<\/span><\/p><p>\u00a0<\/p><p><span style=\"font-weight: 400;\">Nous sommes \u00e0 la recherche d\u2019\u00e9tudiants r\u00e9guliers dans toutes les mati\u00e8res scientifiques, sans lacune manifeste dans les disciplines litt\u00e9raires, motiv\u00e9s et ayant aussi une certaine r\u00e9serve de capacit\u00e9 de travail.<\/span><\/p><\/div>\n\t\t\t\t<\/div>\n\t\t\t\t\t\t\t<div class=\"elementor-toggle-item\">\n\t\t\t\t\t<div id=\"elementor-tab-title-5246\" class=\"elementor-tab-title\" data-tab=\"6\" role=\"button\" aria-controls=\"elementor-tab-content-5246\" aria-expanded=\"false\">\n\t\t\t\t\t\t\t\t\t\t\t\t<span class=\"elementor-toggle-icon elementor-toggle-icon-left\" aria-hidden=\"true\">\n\t\t\t\t\t\t\t\t\t\t\t\t\t\t\t<span class=\"elementor-toggle-icon-closed\"><i class=\"fas fa-caret-right\"><\/i><\/span>\n\t\t\t\t\t\t\t\t<span class=\"elementor-toggle-icon-opened\"><i class=\"elementor-toggle-icon-opened fas fa-caret-up\"><\/i><\/span>\n\t\t\t\t\t\t\t\t\t\t\t\t\t<\/span>\n\t\t\t\t\t\t\t\t\t\t\t\t<a class=\"elementor-toggle-title\" tabindex=\"0\">Y a-t-il une moyenne minimale pour \u00eatre pris ?<\/a>\n\t\t\t\t\t<\/div>\n\n\t\t\t\t\t<div id=\"elementor-tab-content-5246\" class=\"elementor-tab-content elementor-clearfix\" data-tab=\"6\" role=\"region\" aria-labelledby=\"elementor-tab-title-5246\"><p><span style=\"font-weight: 400;\">\u00c9tant donn\u00e9 que nous prenons de nombreux crit\u00e8res en consid\u00e9ration, il nous est impossible d\u2019indiquer une note minimale pour int\u00e9grer la formation. On peut pr\u00e9ciser n\u00e9anmoins, \u00e0 titre indicatif, que les \u00e9tudiants recrut\u00e9s ont g\u00e9n\u00e9ralement obtenu le bac avec la mention Bien ou Tr\u00e8s Bien. Il est fortement conseill\u00e9 de faire des v\u0153ux larges sur Parcoursup, en utilisant tous les v\u0153ux disponibles et sans h\u00e9siter \u00e0 \u00e9largir g\u00e9ographiquement les demandes.<\/span><\/p><\/div>\n\t\t\t\t<\/div>\n\t\t\t\t\t\t\t<div class=\"elementor-toggle-item\">\n\t\t\t\t\t<div id=\"elementor-tab-title-5247\" class=\"elementor-tab-title\" data-tab=\"7\" role=\"button\" aria-controls=\"elementor-tab-content-5247\" aria-expanded=\"false\">\n\t\t\t\t\t\t\t\t\t\t\t\t<span class=\"elementor-toggle-icon elementor-toggle-icon-left\" aria-hidden=\"true\">\n\t\t\t\t\t\t\t\t\t\t\t\t\t\t\t<span class=\"elementor-toggle-icon-closed\"><i class=\"fas fa-caret-right\"><\/i><\/span>\n\t\t\t\t\t\t\t\t<span class=\"elementor-toggle-icon-opened\"><i class=\"elementor-toggle-icon-opened fas fa-caret-up\"><\/i><\/span>\n\t\t\t\t\t\t\t\t\t\t\t\t\t<\/span>\n\t\t\t\t\t\t\t\t\t\t\t\t<a class=\"elementor-toggle-title\" tabindex=\"0\">Quels sont les enseignements de sp\u00e9cialit\u00e9 \u00e0 suivre en premi\u00e8re ?<\/a>\n\t\t\t\t\t<\/div>\n\n\t\t\t\t\t<div id=\"elementor-tab-content-5247\" class=\"elementor-tab-content elementor-clearfix\" data-tab=\"7\" role=\"region\" aria-labelledby=\"elementor-tab-title-5247\"><p><span style=\"font-weight: 400;\">Nous recruterons des \u00e9tudiants ayant suivi les trois sp\u00e9cialit\u00e9s scientifiques en premi\u00e8re : maths, physique-chimie et SVT (ou biologie \u00e9cologie en lyc\u00e9e agricole).\u00a0<\/span><\/p><\/div>\n\t\t\t\t<\/div>\n\t\t\t\t\t\t\t<div class=\"elementor-toggle-item\">\n\t\t\t\t\t<div id=\"elementor-tab-title-5248\" class=\"elementor-tab-title\" data-tab=\"8\" role=\"button\" aria-controls=\"elementor-tab-content-5248\" aria-expanded=\"false\">\n\t\t\t\t\t\t\t\t\t\t\t\t<span class=\"elementor-toggle-icon elementor-toggle-icon-left\" aria-hidden=\"true\">\n\t\t\t\t\t\t\t\t\t\t\t\t\t\t\t<span class=\"elementor-toggle-icon-closed\"><i class=\"fas fa-caret-right\"><\/i><\/span>\n\t\t\t\t\t\t\t\t<span class=\"elementor-toggle-icon-opened\"><i class=\"elementor-toggle-icon-opened fas fa-caret-up\"><\/i><\/span>\n\t\t\t\t\t\t\t\t\t\t\t\t\t<\/span>\n\t\t\t\t\t\t\t\t\t\t\t\t<a class=\"elementor-toggle-title\" tabindex=\"0\">Quels sont les enseignements de sp\u00e9cialit\u00e9 \u00e0 suivre en terminale ?<\/a>\n\t\t\t\t\t<\/div>\n\n\t\t\t\t\t<div id=\"elementor-tab-content-5248\" class=\"elementor-tab-content elementor-clearfix\" data-tab=\"8\" role=\"region\" aria-labelledby=\"elementor-tab-title-5248\"><p><span style=\"font-weight: 400;\">En terminale, toutes les doublettes scientifiques seront accept\u00e9es, mais il est tr\u00e8s fortement conseill\u00e9 de suivre au moins les maths compl\u00e9mentaires. Les \u00e9tudiants qui n\u2019auront pas suivi ces sp\u00e9cialit\u00e9s auront leur dossier examin\u00e9 avec beaucoup de soin et il faudra qu\u2019il soit assez bon pour compenser l\u2019absence de ces mati\u00e8res. Pour une BCPST, le choix de doublette PC\/SVT + Maths compl\u00e9mentaire est peut-\u00eatre le plus naturel. Toutefois, le choix de vos sp\u00e9cialit\u00e9s doit prendre en compte les autres orientations que vous pouvez envisager apr\u00e8s le baccalaur\u00e9at.\u00a0<\/span><\/p><\/div>\n\t\t\t\t<\/div>\n\t\t\t\t\t\t\t<div class=\"elementor-toggle-item\">\n\t\t\t\t\t<div id=\"elementor-tab-title-5249\" class=\"elementor-tab-title\" data-tab=\"9\" role=\"button\" aria-controls=\"elementor-tab-content-5249\" aria-expanded=\"false\">\n\t\t\t\t\t\t\t\t\t\t\t\t<span class=\"elementor-toggle-icon elementor-toggle-icon-left\" aria-hidden=\"true\">\n\t\t\t\t\t\t\t\t\t\t\t\t\t\t\t<span class=\"elementor-toggle-icon-closed\"><i class=\"fas fa-caret-right\"><\/i><\/span>\n\t\t\t\t\t\t\t\t<span class=\"elementor-toggle-icon-opened\"><i class=\"elementor-toggle-icon-opened fas fa-caret-up\"><\/i><\/span>\n\t\t\t\t\t\t\t\t\t\t\t\t\t<\/span>\n\t\t\t\t\t\t\t\t\t\t\t\t<a class=\"elementor-toggle-title\" tabindex=\"0\">Comment suivre en BCPST malgr\u00e9 l\u2019abandon d\u2019une sp\u00e9cialit\u00e9 ?<\/a>\n\t\t\t\t\t<\/div>\n\n\t\t\t\t\t<div id=\"elementor-tab-content-5249\" class=\"elementor-tab-content elementor-clearfix\" data-tab=\"9\" role=\"region\" aria-labelledby=\"elementor-tab-title-5249\"><p><span style=\"font-weight: 400;\">L\u2019abandon obligatoire d\u2019un enseignement de sp\u00e9cialit\u00e9 scientifique en terminale est pris en compte lors de la r\u00e9forme du programme qui est en cours (mise en place \u00e0 la rentr\u00e9e 2021). Une p\u00e9riode de rem\u00e9diation, dont les modalit\u00e9s pratiques ne sont pas encore totalement d\u00e9finies, sera en effet mise en place au premier semestre de BCPST pour les \u00e9tudiants n&rsquo;ayant pas fait la mati\u00e8re correspondante en terminale.\u00a0<\/span><\/p><\/div>\n\t\t\t\t<\/div>\n\t\t\t\t\t\t\t<div class=\"elementor-toggle-item\">\n\t\t\t\t\t<div id=\"elementor-tab-title-52410\" class=\"elementor-tab-title\" data-tab=\"10\" role=\"button\" aria-controls=\"elementor-tab-content-52410\" aria-expanded=\"false\">\n\t\t\t\t\t\t\t\t\t\t\t\t<span class=\"elementor-toggle-icon elementor-toggle-icon-left\" aria-hidden=\"true\">\n\t\t\t\t\t\t\t\t\t\t\t\t\t\t\t<span class=\"elementor-toggle-icon-closed\"><i class=\"fas fa-caret-right\"><\/i><\/span>\n\t\t\t\t\t\t\t\t<span class=\"elementor-toggle-icon-opened\"><i class=\"elementor-toggle-icon-opened fas fa-caret-up\"><\/i><\/span>\n\t\t\t\t\t\t\t\t\t\t\t\t\t<\/span>\n\t\t\t\t\t\t\t\t\t\t\t\t<a class=\"elementor-toggle-title\" tabindex=\"0\">Comment s\u2019organise la vie en classe ?<\/a>\n\t\t\t\t\t<\/div>\n\n\t\t\t\t\t<div id=\"elementor-tab-content-52410\" class=\"elementor-tab-content elementor-clearfix\" data-tab=\"10\" role=\"region\" aria-labelledby=\"elementor-tab-title-52410\"><p><span style=\"font-weight: 400;\">Contrairement \u00e0 nombre de formations, un seul enseignant intervient pour chaque mati\u00e8re sur l\u2019ann\u00e9e enti\u00e8re, ce qui permet un suivi pr\u00e9cis et r\u00e9gulier des \u00e9tudiants.<\/span><\/p><p><span style=\"font-weight: 400;\">Il faut compter un volume horaire relativement important :\u00a0<\/span><\/p><ul><li style=\"font-weight: 400;\" aria-level=\"1\"><span style=\"font-weight: 400;\">En math\u00e9matiques, 5h de cours et 3h de TD;<\/span><\/li><li style=\"font-weight: 400;\" aria-level=\"1\"><span style=\"font-weight: 400;\">En sciences physiques, 4h de cours, 1h de TD et 2h de TP;<\/span><\/li><li style=\"font-weight: 400;\" aria-level=\"1\"><span style=\"font-weight: 400;\">En sciences de la vie et de la Terre, 5h de cours et 3h de TP;<\/span><\/li><li style=\"font-weight: 400;\" aria-level=\"1\"><span style=\"font-weight: 400;\">En fran\u00e7ais, 2h de cours,<\/span><\/li><li style=\"font-weight: 400;\" aria-level=\"1\"><span style=\"font-weight: 400;\">En anglais, 2h de cours,<\/span><\/li><li style=\"font-weight: 400;\" aria-level=\"1\"><span style=\"font-weight: 400;\">En g\u00e9ographie (uniquement en deuxi\u00e8me ann\u00e9e), 0,5h de cours et 1h de TP,<\/span><\/li><li style=\"font-weight: 400;\" aria-level=\"1\"><span style=\"font-weight: 400;\">En informatique, 0,5h de cours et 1h de TP.<\/span><\/li><li style=\"font-weight: 400;\" aria-level=\"1\"><span style=\"font-weight: 400;\">2h de TIPE<\/span><\/li><\/ul><p><span style=\"font-weight: 400;\">Ce \u00e0 quoi il faut ajouter :\u00a0<\/span><\/p><ul><li style=\"font-weight: 400;\" aria-level=\"1\"><span style=\"font-weight: 400;\">Une heure d\u2019interrogation orale (ou colle) de math\u00e9matiques, de sciences physiques et de SVT toutes les deux semaines, une heure d\u2019anglais toutes les quatre semaines et autant de g\u00e9ographie en deuxi\u00e8me ann\u00e9e;<\/span><\/li><li style=\"font-weight: 400;\" aria-level=\"1\"><span style=\"font-weight: 400;\">Un devoir surveill\u00e9 d\u2019environ 3h toutes les semaines<\/span><\/li><\/ul><\/div>\n\t\t\t\t<\/div>\n\t\t\t\t\t\t\t<div class=\"elementor-toggle-item\">\n\t\t\t\t\t<div id=\"elementor-tab-title-52411\" class=\"elementor-tab-title\" data-tab=\"11\" role=\"button\" aria-controls=\"elementor-tab-content-52411\" aria-expanded=\"false\">\n\t\t\t\t\t\t\t\t\t\t\t\t<span class=\"elementor-toggle-icon elementor-toggle-icon-left\" aria-hidden=\"true\">\n\t\t\t\t\t\t\t\t\t\t\t\t\t\t\t<span class=\"elementor-toggle-icon-closed\"><i class=\"fas fa-caret-right\"><\/i><\/span>\n\t\t\t\t\t\t\t\t<span class=\"elementor-toggle-icon-opened\"><i class=\"elementor-toggle-icon-opened fas fa-caret-up\"><\/i><\/span>\n\t\t\t\t\t\t\t\t\t\t\t\t\t<\/span>\n\t\t\t\t\t\t\t\t\t\t\t\t<a class=\"elementor-toggle-title\" tabindex=\"0\">Quel type d\u2019emploi du temps a-t-on ?<\/a>\n\t\t\t\t\t<\/div>\n\n\t\t\t\t\t<div id=\"elementor-tab-content-52411\" class=\"elementor-tab-content elementor-clearfix\" data-tab=\"11\" role=\"region\" aria-labelledby=\"elementor-tab-title-52411\"><p><span style=\"font-weight: 400;\">Voici l\u2019emploi du temps d\u2019une des classes de BCPST premi\u00e8re ann\u00e9e lors de l\u2019ann\u00e9e scolaire 2020-2021 sur lequel ne figurent pas les interrogations orales, surnomm\u00e9es colles\u00a0 :<\/span><\/p><p><img fetchpriority=\"high\" decoding=\"async\" class=\"aligncenter wp-image-10851 size-full\" src=\"http:\/\/portesouvertes.lycee-ozenne.fr\/wp-content\/uploads\/2021\/01\/EDT_BCPST.png\" alt=\"\" width=\"549\" height=\"730\" srcset=\"https:\/\/portesouvertes.lycee-ozenne.fr\/wp-content\/uploads\/2021\/01\/EDT_BCPST.png 549w, https:\/\/portesouvertes.lycee-ozenne.fr\/wp-content\/uploads\/2021\/01\/EDT_BCPST-226x300.png 226w\" sizes=\"(max-width: 549px) 100vw, 549px\" \/><\/p><\/div>\n\t\t\t\t<\/div>\n\t\t\t\t\t\t\t<div class=\"elementor-toggle-item\">\n\t\t\t\t\t<div id=\"elementor-tab-title-52412\" class=\"elementor-tab-title\" data-tab=\"12\" role=\"button\" aria-controls=\"elementor-tab-content-52412\" aria-expanded=\"false\">\n\t\t\t\t\t\t\t\t\t\t\t\t<span class=\"elementor-toggle-icon elementor-toggle-icon-left\" aria-hidden=\"true\">\n\t\t\t\t\t\t\t\t\t\t\t\t\t\t\t<span class=\"elementor-toggle-icon-closed\"><i class=\"fas fa-caret-right\"><\/i><\/span>\n\t\t\t\t\t\t\t\t<span class=\"elementor-toggle-icon-opened\"><i class=\"elementor-toggle-icon-opened fas fa-caret-up\"><\/i><\/span>\n\t\t\t\t\t\t\t\t\t\t\t\t\t<\/span>\n\t\t\t\t\t\t\t\t\t\t\t\t<a class=\"elementor-toggle-title\" tabindex=\"0\">Une colle, qu\u2019est-ce que c\u2019est ?<\/a>\n\t\t\t\t\t<\/div>\n\n\t\t\t\t\t<div id=\"elementor-tab-content-52412\" class=\"elementor-tab-content elementor-clearfix\" data-tab=\"12\" role=\"region\" aria-labelledby=\"elementor-tab-title-52412\"><p><span style=\"font-weight: 400;\">Les interrogations orales, ou colles, sont un moment privil\u00e9gi\u00e9 des CPGE. Les \u00e9tudiants se retrouvent en petit groupe (trin\u00f4me) avec un enseignant qui n\u2019est pas forc\u00e9ment leur enseignant habituel. Selon la mati\u00e8re, le d\u00e9roulement varie un peu, mais elles permettent d\u2019\u00e9changer, de compl\u00e9ter l\u2019enseignement dispens\u00e9 en classe, d\u2019\u00e9valuer le progr\u00e8s des \u00e9l\u00e8ves. C\u2019est ce qui fait la force des CPGE.<\/span><\/p><\/div>\n\t\t\t\t<\/div>\n\t\t\t\t\t\t\t<div class=\"elementor-toggle-item\">\n\t\t\t\t\t<div id=\"elementor-tab-title-52413\" class=\"elementor-tab-title\" data-tab=\"13\" role=\"button\" aria-controls=\"elementor-tab-content-52413\" aria-expanded=\"false\">\n\t\t\t\t\t\t\t\t\t\t\t\t<span class=\"elementor-toggle-icon elementor-toggle-icon-left\" aria-hidden=\"true\">\n\t\t\t\t\t\t\t\t\t\t\t\t\t\t\t<span class=\"elementor-toggle-icon-closed\"><i class=\"fas fa-caret-right\"><\/i><\/span>\n\t\t\t\t\t\t\t\t<span class=\"elementor-toggle-icon-opened\"><i class=\"elementor-toggle-icon-opened fas fa-caret-up\"><\/i><\/span>\n\t\t\t\t\t\t\t\t\t\t\t\t\t<\/span>\n\t\t\t\t\t\t\t\t\t\t\t\t<a class=\"elementor-toggle-title\" tabindex=\"0\">Quelle est la charge de travail en pr\u00e9pa BCPST ?<\/a>\n\t\t\t\t\t<\/div>\n\n\t\t\t\t\t<div id=\"elementor-tab-content-52413\" class=\"elementor-tab-content elementor-clearfix\" data-tab=\"13\" role=\"region\" aria-labelledby=\"elementor-tab-title-52413\"><p><span style=\"font-weight: 400;\">L\u2019emploi du temps est cons\u00e9quent et il faut \u00eatre conscient que le rythme des cours est plus \u00e9lev\u00e9 qu\u2019au lyc\u00e9e. Ainsi, il est n\u00e9cessaire de prendre de bonnes habitudes :<\/span><\/p><ul><li style=\"font-weight: 400;\" aria-level=\"1\"><span style=\"font-weight: 400;\">optimiser le travail en classe avec une participation active : cela permet une compr\u00e9hension et m\u00e9morisation maximales ;<\/span><\/li><li style=\"font-weight: 400;\" aria-level=\"1\"><span style=\"font-weight: 400;\">prendre du temps chez soi et seul afin de reprendre les cours\/tp\/td et de consolider les connaissances ;<\/span><\/li><li style=\"font-weight: 400;\" aria-level=\"1\"><span style=\"font-weight: 400;\">travailler en petit groupe permet d\u2019\u00e9changer des m\u00e9thodes, des explications, etc. Ces temps de travail en groupe sont favoris\u00e9s par le fait que la majorit\u00e9 des \u00e9tudiants r\u00e9sident \u00e0 proximit\u00e9 imm\u00e9diate du lyc\u00e9e.<\/span><\/li><\/ul><p>\u00a0<\/p><p><span style=\"font-weight: 400;\">Il faut donc \u00eatre pr\u00eat \u00e0 consacrer un temps cons\u00e9quent au travail au cours de la semaine, mais il est tout \u00e0 fait possible de le faire sans s\u2019\u00e9puiser, en y trouvant de la satisfaction et en conservant des moments de sport et de d\u00e9tente.<\/span><\/p><p><span style=\"font-weight: 400;\">Le sommeil constitue finalement une priorit\u00e9. Il doit \u00eatre bien pr\u00e9serv\u00e9 afin de se reposer et ne pas arriver en classe fatigu\u00e9.<\/span><\/p><\/div>\n\t\t\t\t<\/div>\n\t\t\t\t\t\t\t<div class=\"elementor-toggle-item\">\n\t\t\t\t\t<div id=\"elementor-tab-title-52414\" class=\"elementor-tab-title\" data-tab=\"14\" role=\"button\" aria-controls=\"elementor-tab-content-52414\" aria-expanded=\"false\">\n\t\t\t\t\t\t\t\t\t\t\t\t<span class=\"elementor-toggle-icon elementor-toggle-icon-left\" aria-hidden=\"true\">\n\t\t\t\t\t\t\t\t\t\t\t\t\t\t\t<span class=\"elementor-toggle-icon-closed\"><i class=\"fas fa-caret-right\"><\/i><\/span>\n\t\t\t\t\t\t\t\t<span class=\"elementor-toggle-icon-opened\"><i class=\"elementor-toggle-icon-opened fas fa-caret-up\"><\/i><\/span>\n\t\t\t\t\t\t\t\t\t\t\t\t\t<\/span>\n\t\t\t\t\t\t\t\t\t\t\t\t<a class=\"elementor-toggle-title\" tabindex=\"0\">Quelle est l\u2019ambiance dans les classes ?<\/a>\n\t\t\t\t\t<\/div>\n\n\t\t\t\t\t<div id=\"elementor-tab-content-52414\" class=\"elementor-tab-content elementor-clearfix\" data-tab=\"14\" role=\"region\" aria-labelledby=\"elementor-tab-title-52414\"><p><span style=\"font-weight: 400;\">Nous aurions aim\u00e9 que vous puissiez \u00eatre pr\u00e9sents sur le site afin de la constater. Ce sont les \u00e9tudiants qui en parlent le mieux.\u00a0<\/span><\/p><p><span style=\"font-weight: 400;\">On peut dire de mani\u00e8re g\u00e9n\u00e9rale que l\u2019ambiance dans les classes pr\u00e9pa BCPST des lyc\u00e9es Ozenne et d\u2019Auzeville n\u2019est pas \u00e0 la comp\u00e9tition entre les \u00e9tudiants, mais au contraire \u00e0 l\u2019entraide et \u00e0 la solidarit\u00e9.<\/span><\/p><\/div>\n\t\t\t\t<\/div>\n\t\t\t\t\t\t\t<div class=\"elementor-toggle-item\">\n\t\t\t\t\t<div id=\"elementor-tab-title-52415\" class=\"elementor-tab-title\" data-tab=\"15\" role=\"button\" aria-controls=\"elementor-tab-content-52415\" aria-expanded=\"false\">\n\t\t\t\t\t\t\t\t\t\t\t\t<span class=\"elementor-toggle-icon elementor-toggle-icon-left\" aria-hidden=\"true\">\n\t\t\t\t\t\t\t\t\t\t\t\t\t\t\t<span class=\"elementor-toggle-icon-closed\"><i class=\"fas fa-caret-right\"><\/i><\/span>\n\t\t\t\t\t\t\t\t<span class=\"elementor-toggle-icon-opened\"><i class=\"elementor-toggle-icon-opened fas fa-caret-up\"><\/i><\/span>\n\t\t\t\t\t\t\t\t\t\t\t\t\t<\/span>\n\t\t\t\t\t\t\t\t\t\t\t\t<a class=\"elementor-toggle-title\" tabindex=\"0\">O\u00f9 se loger ?<\/a>\n\t\t\t\t\t<\/div>\n\n\t\t\t\t\t<div id=\"elementor-tab-content-52415\" class=\"elementor-tab-content elementor-clearfix\" data-tab=\"15\" role=\"region\" aria-labelledby=\"elementor-tab-title-52415\"><p><span style=\"font-weight: 400;\">La proximit\u00e9 du lieu de vie et du lieu d\u2019\u00e9tudes est primordiale en CPGE car elle permet de ne pas perdre son temps dans les transports ; les journ\u00e9es de cours sont d\u00e9j\u00e0 charg\u00e9es.<\/span><\/p><p><span style=\"font-weight: 400;\">M\u00eame si les cours pour les lyc\u00e9es Ozenne et LEGTA Auzeville se d\u00e9roulent au m\u00eame endroit, seul le LEGTA Auzeville propose un internat. Cependant, des r\u00e9sidences \u00e9tudiantes (Bordegrande, Vert Savoir, \u2026) jouxtent le LEGTA et sont occup\u00e9es par beaucoup d\u2019\u00e9tudiants du lyc\u00e9e Ozenne et du lyc\u00e9e d\u2019Auzeville. En pratique, les capacit\u00e9s d\u2019accueil de ces deux r\u00e9sidences permettent \u00e0 tout \u00e9tudiant souhaitant y \u00eatre log\u00e9 d\u2019y trouver une place.\u00a0<\/span><\/p><p>\u00a0<\/p><p><span style=\"font-weight: 400;\">Pour l\u2019internat d\u2019Auzeville, il est inutile de faire deux demandes sur Parcoursup, la demande d\u2019internat est automatiquement accept\u00e9e et se fait lors de l\u2019inscription d\u00e9finitive. Le co\u00fbt de l\u2019internat en pension compl\u00e8te est d\u2019environ 2400 euros par an.<\/span><\/p><p><span style=\"font-weight: 400;\">Pour les \u00e9tudiants qui ne sont pas internes, quelque soit l\u2019\u00e9tablissement, il est possible d\u2019adopter le r\u00e9gime d\u2019\u201dinterne extern\u00e9\u201d, permettant de prendre en semaine ses 3 repas par jour \u00e0 la cantine, comme les internes. <\/span><\/p><\/div>\n\t\t\t\t<\/div>\n\t\t\t\t\t\t\t<div class=\"elementor-toggle-item\">\n\t\t\t\t\t<div id=\"elementor-tab-title-52416\" class=\"elementor-tab-title\" data-tab=\"16\" role=\"button\" aria-controls=\"elementor-tab-content-52416\" aria-expanded=\"false\">\n\t\t\t\t\t\t\t\t\t\t\t\t<span class=\"elementor-toggle-icon elementor-toggle-icon-left\" aria-hidden=\"true\">\n\t\t\t\t\t\t\t\t\t\t\t\t\t\t\t<span class=\"elementor-toggle-icon-closed\"><i class=\"fas fa-caret-right\"><\/i><\/span>\n\t\t\t\t\t\t\t\t<span class=\"elementor-toggle-icon-opened\"><i class=\"elementor-toggle-icon-opened fas fa-caret-up\"><\/i><\/span>\n\t\t\t\t\t\t\t\t\t\t\t\t\t<\/span>\n\t\t\t\t\t\t\t\t\t\t\t\t<a class=\"elementor-toggle-title\" tabindex=\"0\">Quel est le co\u00fbt de la scolarit\u00e9 en BCPST ?<\/a>\n\t\t\t\t\t<\/div>\n\n\t\t\t\t\t<div id=\"elementor-tab-content-52416\" class=\"elementor-tab-content elementor-clearfix\" data-tab=\"16\" role=\"region\" aria-labelledby=\"elementor-tab-title-52416\"><p><span style=\"font-weight: 400;\">Dans les lyc\u00e9es publics, la scolarit\u00e9 en CPGE est gratuite. Il faut cependant compter l\u2019inscription \u00e0 l\u2019Universit\u00e9 (obligatoire dans toutes les CPGE), le co\u00fbt de quelques livres (notamment en Fran\u00e7ais et en Anglais) et le co\u00fbt de la vie en g\u00e9n\u00e9ral.<\/span><\/p><\/div>\n\t\t\t\t<\/div>\n\t\t\t\t\t\t\t<div class=\"elementor-toggle-item\">\n\t\t\t\t\t<div id=\"elementor-tab-title-52417\" class=\"elementor-tab-title\" data-tab=\"17\" role=\"button\" aria-controls=\"elementor-tab-content-52417\" aria-expanded=\"false\">\n\t\t\t\t\t\t\t\t\t\t\t\t<span class=\"elementor-toggle-icon elementor-toggle-icon-left\" aria-hidden=\"true\">\n\t\t\t\t\t\t\t\t\t\t\t\t\t\t\t<span class=\"elementor-toggle-icon-closed\"><i class=\"fas fa-caret-right\"><\/i><\/span>\n\t\t\t\t\t\t\t\t<span class=\"elementor-toggle-icon-opened\"><i class=\"elementor-toggle-icon-opened fas fa-caret-up\"><\/i><\/span>\n\t\t\t\t\t\t\t\t\t\t\t\t\t<\/span>\n\t\t\t\t\t\t\t\t\t\t\t\t<a class=\"elementor-toggle-title\" tabindex=\"0\">Quelles sont les passerelles en cours de formation ?<\/a>\n\t\t\t\t\t<\/div>\n\n\t\t\t\t\t<div id=\"elementor-tab-content-52417\" class=\"elementor-tab-content elementor-clearfix\" data-tab=\"17\" role=\"region\" aria-labelledby=\"elementor-tab-title-52417\"><p><span style=\"font-weight: 400;\">Les \u00e9tudiants des classes pr\u00e9paratoires BCPST sont obligatoirement inscrits en parall\u00e8le \u00e0 l&rsquo;universit\u00e9 Paul Sabatier \u00e0 Toulouse.\u00a0<\/span><\/p><ul><li style=\"font-weight: 400;\" aria-level=\"1\"><span style=\"font-weight: 400;\">Par cons\u00e9quent durant l\u2019ann\u00e9e leur seront pr\u00e9sent\u00e9es les voies que propose l&rsquo;universit\u00e9 Paul Sabatier pour une \u00e9ventuelle r\u00e9orientation.<\/span><\/li><li style=\"font-weight: 400;\" aria-level=\"1\"><span style=\"font-weight: 400;\">Ils pourront bifurquer vers le premier, second, troisi\u00e8me et quatri\u00e8me semestre de la licence en fonction de leur avanc\u00e9e dans les ann\u00e9es de BCPST.\u00a0<\/span><\/li><\/ul><p><span style=\"font-weight: 400;\">Comme \u00e0 l\u2019universit\u00e9, des cr\u00e9dits ECTS sont attribu\u00e9s \u00e0 chaque fin de semestre de formation en BCPST, ainsi une r\u00e9orientation est envisageable et les \u00e9tudiants peuvent bifurquer vers l\u2019universit\u00e9 sans perdre de temps.<\/span><\/p><\/div>\n\t\t\t\t<\/div>\n\t\t\t\t\t\t\t<div class=\"elementor-toggle-item\">\n\t\t\t\t\t<div id=\"elementor-tab-title-52418\" class=\"elementor-tab-title\" data-tab=\"18\" role=\"button\" aria-controls=\"elementor-tab-content-52418\" aria-expanded=\"false\">\n\t\t\t\t\t\t\t\t\t\t\t\t<span class=\"elementor-toggle-icon elementor-toggle-icon-left\" aria-hidden=\"true\">\n\t\t\t\t\t\t\t\t\t\t\t\t\t\t\t<span class=\"elementor-toggle-icon-closed\"><i class=\"fas fa-caret-right\"><\/i><\/span>\n\t\t\t\t\t\t\t\t<span class=\"elementor-toggle-icon-opened\"><i class=\"elementor-toggle-icon-opened fas fa-caret-up\"><\/i><\/span>\n\t\t\t\t\t\t\t\t\t\t\t\t\t<\/span>\n\t\t\t\t\t\t\t\t\t\t\t\t<a class=\"elementor-toggle-title\" tabindex=\"0\">Quels sont les d\u00e9bouch\u00e9s apr\u00e8s la pr\u00e9pa BCPST ?<\/a>\n\t\t\t\t\t<\/div>\n\n\t\t\t\t\t<div id=\"elementor-tab-content-52418\" class=\"elementor-tab-content elementor-clearfix\" data-tab=\"18\" role=\"region\" aria-labelledby=\"elementor-tab-title-52418\"><p><span style=\"font-weight: 400;\">Les classes BCPST pr\u00e9parent en deux ans (ou trois, possibilit\u00e9 de redoubler la 2\u00e8me ann\u00e9e) \u00e0 diff\u00e9rents concours permettant d\u2019int\u00e9grer :\u00a0<\/span><\/p><p>\u00a0<\/p><ul><li style=\"font-weight: 400;\" aria-level=\"1\"><span style=\"font-weight: 400;\">les \u00e9coles nationales v\u00e9t\u00e9rinaires (Maisons-Alfort, Toulouse, Lyon, Nantes)<\/span><\/li><li style=\"font-weight: 400;\" aria-level=\"1\"><span style=\"font-weight: 400;\">les \u00e9coles d\u2019ing\u00e9nieur en agronomie (Paris, Montpellier, Rennes, Toulouse, Nancy, Dijon, Nantes, Clermont-Ferrand\u2026)<\/span><\/li><li style=\"font-weight: 400;\" aria-level=\"1\"><span style=\"font-weight: 400;\">les \u00e9coles d\u2019ing\u00e9nieur en g\u00e9osciences et environnement (Nancy, Strasbourg, Bordeaux, Lyon, Poitiers&#8230;)<\/span><\/li><li style=\"font-weight: 400;\" aria-level=\"1\"><span style=\"font-weight: 400;\">les \u00e9coles normales sup\u00e9rieures (Paris Ulm, Paris Saclay, Lyon)<\/span><\/li><li style=\"font-weight: 400;\" aria-level=\"1\"><span style=\"font-weight: 400;\">des \u00e9coles d\u2019ing\u00e9nieur d\u2019autres champs scientifiques (Polytechnique, Centrale-Sup\u00e9lec, Ponts ParisTech, \u00e9coles de chimie\u2026)<\/span><\/li><\/ul><p><span style=\"font-weight: 400;\">D\u2019autres fili\u00e8res permettent d\u2019int\u00e9grer ces \u00e9coles. N\u2019h\u00e9sitez pas \u00e0 vous renseigner sur le sujet directement aupr\u00e8s de ces derni\u00e8res. Il faut cependant savoir que les \u00e9tudiants qui auront pr\u00e9sent\u00e9 et \u00e9t\u00e9 admissibles au concours v\u00e9t\u00e9rinaire post-bac ne pourront pr\u00e9senter qu\u2019une fois le concours v\u00e9t\u00e9rinaire en BCPST.<\/span><\/p><p><span style=\"font-weight: 400;\">Les \u00e9crits des concours se d\u00e9roulent en avril de la deuxi\u00e8me ann\u00e9e sur le site du Lyc\u00e9e Auzeville. Les oraux se d\u00e9roulent fin juin et d\u00e9but juillet \u00e0 Paris.<\/span><\/p><\/div>\n\t\t\t\t<\/div>\n\t\t\t\t\t\t\t<div class=\"elementor-toggle-item\">\n\t\t\t\t\t<div id=\"elementor-tab-title-52419\" class=\"elementor-tab-title\" data-tab=\"19\" role=\"button\" aria-controls=\"elementor-tab-content-52419\" aria-expanded=\"false\">\n\t\t\t\t\t\t\t\t\t\t\t\t<span class=\"elementor-toggle-icon elementor-toggle-icon-left\" aria-hidden=\"true\">\n\t\t\t\t\t\t\t\t\t\t\t\t\t\t\t<span class=\"elementor-toggle-icon-closed\"><i class=\"fas fa-caret-right\"><\/i><\/span>\n\t\t\t\t\t\t\t\t<span class=\"elementor-toggle-icon-opened\"><i class=\"elementor-toggle-icon-opened fas fa-caret-up\"><\/i><\/span>\n\t\t\t\t\t\t\t\t\t\t\t\t\t<\/span>\n\t\t\t\t\t\t\t\t\t\t\t\t<a class=\"elementor-toggle-title\" tabindex=\"0\">Quels sont les r\u00e9sultats au concours des \u00e9tudiants des lyc\u00e9es Ozenne et d\u2019Auzeville ?<\/a>\n\t\t\t\t\t<\/div>\n\n\t\t\t\t\t<div id=\"elementor-tab-content-52419\" class=\"elementor-tab-content elementor-clearfix\" data-tab=\"19\" role=\"region\" aria-labelledby=\"elementor-tab-title-52419\"><p><span style=\"font-weight: 400;\">Ils sont consultables, comme ceux de tous les \u00e9tablissements de France, sur le <\/span><a href=\"https:\/\/www.letudiant.fr\/etudes\/classes-prepa\/le-palmares-des-prepas-scientifiques-quelle-cpge-pour-vous.html#BCPST\"><span style=\"font-weight: 400;\">site suivant<\/span><\/a><span style=\"font-weight: 400;\"> :<\/span><span style=\"font-weight: 400;\">\u00a0<\/span><\/p><p><a href=\"https:\/\/www.letudiant.fr\/etudes\/classes-prepa\/le-palmares-des-prepas-scientifiques-quelle-cpge-pour-vous.html#BCPST\"><span style=\"font-weight: 400;\">https:\/\/www.letudiant.fr\/etudes\/classes-prepa\/le-palmares-des-prepas-scientifiques-quelle-cpge-pour-vous.html#BCPST<\/span><\/a><\/p><p><br \/><br \/><br \/><\/p><\/div>\n\t\t\t\t<\/div>\n\t\t\t\t\t\t\t\t<\/div>\n\t\t\t\t\t\t<\/div>\n\t\t\t\t<\/div>\n\t\t\t\t\t<\/div>\n\t\t<\/div>\n\t\t\t\t\t<\/div>\n\t\t<\/section>\n\t\t\t\t<\/div>\n\t\t","protected":false},"excerpt":{"rendered":"<p>Pr\u00e9sentation T\u00e9moignages des Etudiants Questions\/R\u00e9ponses Une journ\u00e9e en pr\u00e9pa FAQ C\u2019est quoi une CPGE ? La classe pr\u00e9paratoire propose un cadre de travail en continuit\u00e9 avec le lyc\u00e9e, avec un niveau d\u2019exigence et d\u2019investissement importants. L\u2019excellence de la formation tient &hellip; <\/p>\n","protected":false},"author":1,"featured_media":0,"comment_status":"closed","ping_status":"open","sticky":false,"template":"","format":"standard","meta":{"footnotes":""},"categories":[6],"tags":[],"class_list":["post-10767","post","type-post","status-publish","format-standard","hentry","category-cgpe"],"_links":{"self":[{"href":"https:\/\/portesouvertes.lycee-ozenne.fr\/index.php\/wp-json\/wp\/v2\/posts\/10767","targetHints":{"allow":["GET"]}}],"collection":[{"href":"https:\/\/portesouvertes.lycee-ozenne.fr\/index.php\/wp-json\/wp\/v2\/posts"}],"about":[{"href":"https:\/\/portesouvertes.lycee-ozenne.fr\/index.php\/wp-json\/wp\/v2\/types\/post"}],"author":[{"embeddable":true,"href":"https:\/\/portesouvertes.lycee-ozenne.fr\/index.php\/wp-json\/wp\/v2\/users\/1"}],"replies":[{"embeddable":true,"href":"https:\/\/portesouvertes.lycee-ozenne.fr\/index.php\/wp-json\/wp\/v2\/comments?post=10767"}],"version-history":[{"count":25,"href":"https:\/\/portesouvertes.lycee-ozenne.fr\/index.php\/wp-json\/wp\/v2\/posts\/10767\/revisions"}],"predecessor-version":[{"id":11555,"href":"https:\/\/portesouvertes.lycee-ozenne.fr\/index.php\/wp-json\/wp\/v2\/posts\/10767\/revisions\/11555"}],"wp:attachment":[{"href":"https:\/\/portesouvertes.lycee-ozenne.fr\/index.php\/wp-json\/wp\/v2\/media?parent=10767"}],"wp:term":[{"taxonomy":"category","embeddable":true,"href":"https:\/\/portesouvertes.lycee-ozenne.fr\/index.php\/wp-json\/wp\/v2\/categories?post=10767"},{"taxonomy":"post_tag","embeddable":true,"href":"https:\/\/portesouvertes.lycee-ozenne.fr\/index.php\/wp-json\/wp\/v2\/tags?post=10767"}],"curies":[{"name":"wp","href":"https:\/\/api.w.org\/{rel}","templated":true}]}}